{"id":60081,"date":"2019-09-04T07:23:07","date_gmt":"2019-09-04T11:23:07","guid":{"rendered":"https:\/\/linitiative.ca\/International\/une-faculte-de-medecine-en-perspective-a-bechar\/"},"modified":"2019-09-04T07:23:07","modified_gmt":"2019-09-04T11:23:07","slug":"une-faculte-de-medecine-en-perspective-a-bechar","status":"publish","type":"post","link":"https:\/\/linitiative.ca\/International\/une-faculte-de-medecine-en-perspective-a-bechar\/","title":{"rendered":"Une facult\u00e9 de m\u00e9decine en perspective \u00e0 Bechar"},"content":{"rendered":"<div>\n<div class=\"K2FeedImage\"><img decoding=\"async\" src=\"http:\/\/www.aps.dz\/media\/k2\/items\/cache\/14de8d490ab243d9211d2e7a7d78cedb_S.jpg\" alt=\"Une facult\u00e9 de m\u00e9decine en perspective \u00e0 Bechar\"><\/div>\n<div class=\"K2FeedIntroText\">\n<p><strong>BECHAR &#8211; Un projet de r\u00e9alisation et d\u2019\u00e9quipement d\u2019une facult\u00e9 de m\u00e9decine a \u00e9t\u00e9 retenu pour la wilaya de Bechar, a annonc\u00e9 mercredi le ministre de l&rsquo;Enseignement sup\u00e9rieur et de la recherche scientifique, Tayeb Bouzid.<\/strong><\/p>\n<\/div>\n<div class=\"K2FeedFullText\">\n<p>Le ministre qui a pr\u00e9sid\u00e9 au CEM \u00ab\u00a0Bachir El Ibrahimi\u00a0\u00bb, la c\u00e9r\u00e9monie de l\u2019ouverture officielle de la nouvelle ann\u00e9e scolaire 2019-2020, a indiqu\u00e9 en marge d\u2019une visite \u00e0 l\u2019universit\u00e9 \u00ab\u00a0Tahri Mohamed\u00a0\u00bb, qu\u2019un projet de r\u00e9alisation et d\u2019\u00e9quipement d\u2019une facult\u00e9 de m\u00e9decine a \u00e9t\u00e9 retenu pour cette wilaya, dans l\u2019objectif d\u2019\u00a0\u00bboffrir de nouvelles perspectives de formation aux futurs bacheliers de cette r\u00e9gion du sud-ouest du pays\u00a0\u00bb.\u00a0<\/p>\n<p>Dans la wilaya de Bechar, on compte 86.279 \u00e9l\u00e8ves inscrits dans les trois paliers, 42.346 \u00e9l\u00e8ves au primaire, dont 8.608 nouveaux inscrits, 27.403 \u00e9l\u00e8ves dans l\u2019enseignement moyen, et 10.976 autres dans l\u2019enseignement secondaire.<\/p>\n<p>Pour cette nouvelle ann\u00e9e scolaire, cinq (5) groupes scolaires et quatre (4) nouveaux CEM ont \u00e9t\u00e9 ouverts \u00e0 travers la wilaya de Bechar pour faire face aux besoins en places p\u00e9dagogiques, notamment dans les deux cycles primaire et moyen, indiquent des responsables locaux du secteur de l\u2019\u00e9ducation.<\/p>\n<p>Le ministre de l\u2019Enseignement sup\u00e9rieur et de la recherche scientifique a, \u00e0 cette occasion, pris connaissance du processus d\u2019inscription des nouveaux bacheliers au nombre de 1.974 inscrits pour cette nouvelle rentr\u00e9e universitaire \u00e0 Bechar.<\/p>\n<\/div>\n<\/div>\n<p>Auteur:<br \/>\n<a href=\"http:\/\/www.aps.dz\/regions\/94009-une-faculte-de-medecine-en-perspective-a-bechar\">Cliquez ici pour lire l&rsquo;article depuis sa source.<\/a><\/p>\n","protected":false},"excerpt":{"rendered":"<p>BECHAR &#8211; Un projet de r\u00e9alisation et d\u2019\u00e9quipement d\u2019une facult\u00e9 de m\u00e9decine a \u00e9t\u00e9 retenu pour la wilaya de Bechar, a annonc\u00e9 mercredi le ministre de l&rsquo;Enseignement sup\u00e9rieur et de la recherche scientifique, Tayeb Bouzid. Le ministre qui a pr\u00e9sid\u00e9 au CEM \u00ab\u00a0Bachir El Ibrahimi\u00a0\u00bb, la c\u00e9r\u00e9monie de l\u2019ouverture officielle de la nouvelle ann\u00e9e scolaire [&hellip;]<\/p>\n","protected":false},"author":1790,"featured_media":60082,"comment_status":"closed","ping_status":"closed","sticky":false,"template":"","format":"standard","meta":{"fifu_image_url":"","fifu_image_alt":"","footnotes":""},"categories":[53,76],"tags":[],"class_list":["post-60081","post","type-post","status-publish","format-standard","has-post-thumbnail","hentry","category-algerie","category-regions"],"_links":{"self":[{"href":"https:\/\/linitiative.ca\/International\/wp-json\/wp\/v2\/posts\/60081","targetHints":{"allow":["GET"]}}],"collection":[{"href":"https:\/\/linitiative.ca\/International\/wp-json\/wp\/v2\/posts"}],"about":[{"href":"https:\/\/linitiative.ca\/International\/wp-json\/wp\/v2\/types\/post"}],"author":[{"embeddable":true,"href":"https:\/\/linitiative.ca\/International\/wp-json\/wp\/v2\/users\/1790"}],"replies":[{"embeddable":true,"href":"https:\/\/linitiative.ca\/International\/wp-json\/wp\/v2\/comments?post=60081"}],"version-history":[{"count":0,"href":"https:\/\/linitiative.ca\/International\/wp-json\/wp\/v2\/posts\/60081\/revisions"}],"wp:featuredmedia":[{"embeddable":true,"href":"https:\/\/linitiative.ca\/International\/wp-json\/"}],"wp:attachment":[{"href":"https:\/\/linitiative.ca\/International\/wp-json\/wp\/v2\/media?parent=60081"}],"wp:term":[{"taxonomy":"category","embeddable":true,"href":"https:\/\/linitiative.ca\/International\/wp-json\/wp\/v2\/categories?post=60081"},{"taxonomy":"post_tag","embeddable":true,"href":"https:\/\/linitiative.ca\/International\/wp-json\/wp\/v2\/tags?post=60081"}],"curies":[{"name":"wp","href":"https:\/\/api.w.org\/{rel}","templated":true}]}}