{"id":60098,"date":"2019-09-04T08:22:10","date_gmt":"2019-09-04T12:22:10","guid":{"rendered":"https:\/\/linitiative.ca\/International\/94014-can-2019-u23-3e-et-dernier-tour-qualificatif-ghana-algerie-les-verts-en-conquerants-a-accra\/"},"modified":"2019-09-04T08:22:10","modified_gmt":"2019-09-04T12:22:10","slug":"94014-can-2019-u23-3e-et-dernier-tour-qualificatif-ghana-algerie-les-verts-en-conquerants-a-accra","status":"publish","type":"post","link":"https:\/\/linitiative.ca\/International\/94014-can-2019-u23-3e-et-dernier-tour-qualificatif-ghana-algerie-les-verts-en-conquerants-a-accra\/","title":{"rendered":"CAN 2019 (U23) 3e et dernier tour qualificatif \/ Ghana &#8211; Alg\u00e9rie : les Verts en conqu\u00e9rants \u00e0 Accra"},"content":{"rendered":"<div>\n<div class=\"K2FeedImage\"><img decoding=\"async\" src=\"http:\/\/www.aps.dz\/media\/k2\/items\/cache\/5842983e88581186ee4d2bd25b589da1_S.jpg\" alt=\"CAN 2019 (U23) 3e et dernier tour qualificatif \/ Ghana - Alg\u00e9rie : les Verts en conqu\u00e9rants \u00e0 Accra\"><\/div>\n<div class=\"K2FeedIntroText\">\n<p><strong>ACCRA- La s\u00e9lection alg\u00e9rienne des moins de 23 ans (U23) tentera de r\u00e9aliser une belle op\u00e9ration vendredi face \u00e0 son homologue ghan\u00e9enne, au stade d&rsquo;Accra (15h30), en match aller du 3e et dernier tour qualificatif \u00e0 la CAN-2019 pr\u00e9vue en Egypte (8-22 novembre).<\/strong><\/p>\n<\/div>\n<div class=\"K2FeedFullText\">\n<p>La s\u00e9lection nationale, dirig\u00e9e sur le banc par le Fran\u00e7ais Ludovic Batteli, \u00e0 qui on vient \u00e9galement de lui confier les r\u00eanes de l&rsquo;\u00e9quipe A&rsquo;, compos\u00e9e de joueurs locaux, a ralli\u00e9 mardi la capitale ghan\u00e9enne, avec deux renforts de choix : le milieu de terrain Hicham Boudaoui, fraichement signataire d&rsquo;un contrat avec l&rsquo;OGC Nice (France), et l&rsquo;attaquant Farid El-Mellali (Angers\/ France).<\/p>\n<p>En vue de cette \u00e9ch\u00e9ance, les co\u00e9quipiers\u00a0 du gardien Abdelmoumen Sifour (USM Alger) avaient effectu\u00e9 un double stage de pr\u00e9paration au Centre technique national (CTN) de Sidi-Moussa (Alger) puis \u00e0 S\u00e9tif du 28 juillet au 2 ao\u00fbt ponctu\u00e9 par un match amical contre l&rsquo;ES S\u00e9tif (2-1).<\/p>\n<p>Un \u00e9ventuel bon r\u00e9sultat au Ghana, permettra aux Alg\u00e9riens d&rsquo;aborder le match retour, fix\u00e9 au 10 septembre au stade 8 mai 45 de S\u00e9tif (20h45) en toute s\u00e9r\u00e9nit\u00e9, et surtout rester en course pour une qualification\u00a0 aux prochains JO-2020 de Tokyo. La CAN-2019 \u00e9tant qualificative au rendez-vous japonais.<\/p>\n<p>Cette premi\u00e8re manche sera dirig\u00e9e par un trio arbitral ivoirien compos\u00e9 de Kouassi Frederick Fran\u00e7ois Biro, assist\u00e9 de Koabenan Prosper Adiouman et Kalilou Bamba.<\/p>\n<p>L&rsquo;Alg\u00e9rie s&rsquo;est qualifi\u00e9e au 3e et dernier tour en dominant la Guin\u00e9e Equatoriale (0-0, 3-1), tandis que le Ghana a surclass\u00e9 le Gabon (4-0, 0-0).<\/p>\n<p>La phase finale de la CAN des U-23 aura lieu en Egypte du 8 au 22 novembre avec la participation de 8 pays. Les trois premiers se qualifieront pour le tournoi des Jeux Olympiques Tokyo-2020.<\/p>\n<\/div>\n<p><img loading=\"lazy\" decoding=\"async\" src=\"http:\/\/feeds.feedburner.com\/~r\/aps-sport\/~4\/YzK6FULqSEw\" height=\"1\" width=\"1\" alt=\"\"><\/div>\n<p>Auteur:<br \/>\n<a href=\"http:\/\/www.aps.dz\/sport\/94014-can-2019-u23-3e-et-dernier-tour-qualificatif-ghana-algerie-les-verts-en-conquerants-a-accra?utm_source=feedburner&#038;utm_medium=feed&#038;utm_campaign=Feed%3A+aps-sport+%28APS+-+SPORT%29\">Cliquez ici pour lire l&rsquo;article depuis sa source.<\/a><\/p>\n","protected":false},"excerpt":{"rendered":"<p>ACCRA- La s\u00e9lection alg\u00e9rienne des moins de 23 ans (U23) tentera de r\u00e9aliser une belle op\u00e9ration vendredi face \u00e0 son homologue ghan\u00e9enne, au stade d&rsquo;Accra (15h30), en match aller du 3e et dernier tour qualificatif \u00e0 la CAN-2019 pr\u00e9vue en Egypte (8-22 novembre). La s\u00e9lection nationale, dirig\u00e9e sur le banc par le Fran\u00e7ais Ludovic Batteli, [&hellip;]<\/p>\n","protected":false},"author":1790,"featured_media":60099,"comment_status":"closed","ping_status":"closed","sticky":false,"template":"","format":"standard","meta":{"fifu_image_url":"","fifu_image_alt":"","footnotes":""},"categories":[53,75],"tags":[],"class_list":["post-60098","post","type-post","status-publish","format-standard","has-post-thumbnail","hentry","category-algerie","category-sport"],"_links":{"self":[{"href":"https:\/\/linitiative.ca\/International\/wp-json\/wp\/v2\/posts\/60098","targetHints":{"allow":["GET"]}}],"collection":[{"href":"https:\/\/linitiative.ca\/International\/wp-json\/wp\/v2\/posts"}],"about":[{"href":"https:\/\/linitiative.ca\/International\/wp-json\/wp\/v2\/types\/post"}],"author":[{"embeddable":true,"href":"https:\/\/linitiative.ca\/International\/wp-json\/wp\/v2\/users\/1790"}],"replies":[{"embeddable":true,"href":"https:\/\/linitiative.ca\/International\/wp-json\/wp\/v2\/comments?post=60098"}],"version-history":[{"count":0,"href":"https:\/\/linitiative.ca\/International\/wp-json\/wp\/v2\/posts\/60098\/revisions"}],"wp:featuredmedia":[{"embeddable":true,"href":"https:\/\/linitiative.ca\/International\/wp-json\/"}],"wp:attachment":[{"href":"https:\/\/linitiative.ca\/International\/wp-json\/wp\/v2\/media?parent=60098"}],"wp:term":[{"taxonomy":"category","embeddable":true,"href":"https:\/\/linitiative.ca\/International\/wp-json\/wp\/v2\/categories?post=60098"},{"taxonomy":"post_tag","embeddable":true,"href":"https:\/\/linitiative.ca\/International\/wp-json\/wp\/v2\/tags?post=60098"}],"curies":[{"name":"wp","href":"https:\/\/api.w.org\/{rel}","templated":true}]}}