{"id":60106,"date":"2019-09-04T14:42:00","date_gmt":"2019-09-04T18:42:00","guid":{"rendered":"https:\/\/linitiative.ca\/International\/personnes-aux-besoins-specifiques-700-classes-reservees-a-lechelle-nationale\/"},"modified":"2019-09-04T14:42:00","modified_gmt":"2019-09-04T18:42:00","slug":"personnes-aux-besoins-specifiques-700-classes-reservees-a-lechelle-nationale","status":"publish","type":"post","link":"https:\/\/linitiative.ca\/International\/personnes-aux-besoins-specifiques-700-classes-reservees-a-lechelle-nationale\/","title":{"rendered":"PERSONNES AUX BESOINS SPECIFIQUES : 700 classes r\u00e9serv\u00e9es  \u00e0 l\u2019\u00e9chelle nationale"},"content":{"rendered":"<p><br id=\"sep_para_1\" class=\"sep_para access\"\/><\/p>\n<div id=\"para_1\" class=\"para_32851344 resize\">\n<div class=\"texte access firstletter\">Le nombre des classes sp\u00e9ciales r\u00e9serv\u00e9es aux \u00e9l\u00e8ves souffrant d\u2019un retard mental et auditif a atteint au titre de la nouvelle rentr\u00e9e scolaire 2019-2020, 700 classes avec une augmentation de 30% compar\u00e9e \u00e0 l\u2019ann\u00e9e scolaire pr\u00e9c\u00e9dente, a indiqu\u00e9 mercredi \u00e0 Constantine une responsable relevant du minist\u00e8re de la Solidarit\u00e9 Nationale de la famille et de la condition de la femme. \u00ab\u00a0Le nombre de classes sp\u00e9ciales est pass\u00e9 de 565 pour l\u2019ann\u00e9e scolaire pr\u00e9c\u00e9dente \u00e0 700 classes cette ann\u00e9e\u00a0\u00bb, a pr\u00e9cis\u00e9 \u00e0 l\u2019APS, la directrice des programmes sociaux des personnes aux besoins sp\u00e9cifiques, Mme Sadjia Kim, en marge de la c\u00e9r\u00e9monie du coup d\u2019envoi de la rentr\u00e9e scolaire 2019-2020 depuis l\u2019Ecole des jeunes sourds \u00e0 El Mansourah. Elle a dans ce sens ajout\u00e9 que le nombre \u00ab\u00a0important\u00a0\u00bb des classes sp\u00e9ciales est dict\u00e9 par \u00ab\u00a0le souci de la tutelle de r\u00e9pondre aux besoins\u00a0 en mati\u00e8re d\u2019\u00e9ducation de cette frange d\u2019\u00e9l\u00e8ves qui ne peuvent suivre une scolarit\u00e9 normale\u00a0\u00bb, rappelant que le programme est concr\u00e9tis\u00e9 dans le cadre d\u2019une convention sign\u00e9e avec le minist\u00e8re de l\u2019Education nationale. Ces classes qui concernent les cycles primaire et moyen, selon la m\u00eame source, assurent l\u2019enseignement de 6.656 \u00e9l\u00e8ves de cette frange qui font partie d\u2019un total de 31.732 enfants pris en charge \u00e9galement par des structures de l\u2019action sociale du pays (centres et \u00e9coles), a-t-elle fait savoir.\u00a0\u00a0\u00a0\u00a0\u00a0\u00a0\u00a0\u00a0\u00a0\u00a0\u00a0\u00a0<\/div>\n<\/div>\n<p>Auteur: Nadine<br \/>\n<a href=\"https:\/\/www.reflexiondz.net\/PERSONNES-AUX-BESOINS-SPECIFIQUES-700-classes-reservees-a-l-echelle-nationale_a57448.html\">Cliquez ici pour lire l&rsquo;article depuis sa source.<\/a><\/p>\n","protected":false},"excerpt":{"rendered":"<p>Le nombre des classes sp\u00e9ciales r\u00e9serv\u00e9es aux \u00e9l\u00e8ves souffrant d\u2019un retard mental et auditif a atteint au titre de la nouvelle rentr\u00e9e scolaire 2019-2020, 700 classes avec une augmentation de 30% compar\u00e9e \u00e0 l\u2019ann\u00e9e scolaire pr\u00e9c\u00e9dente, a indiqu\u00e9 mercredi \u00e0 Constantine une responsable relevant du minist\u00e8re de la Solidarit\u00e9 Nationale de la famille et de [&hellip;]<\/p>\n","protected":false},"author":1740,"featured_media":0,"comment_status":"closed","ping_status":"closed","sticky":false,"template":"","format":"standard","meta":{"fifu_image_url":"","fifu_image_alt":"","footnotes":""},"categories":[53,76],"tags":[],"class_list":["post-60106","post","type-post","status-publish","format-standard","hentry","category-algerie","category-regions"],"_links":{"self":[{"href":"https:\/\/linitiative.ca\/International\/wp-json\/wp\/v2\/posts\/60106","targetHints":{"allow":["GET"]}}],"collection":[{"href":"https:\/\/linitiative.ca\/International\/wp-json\/wp\/v2\/posts"}],"about":[{"href":"https:\/\/linitiative.ca\/International\/wp-json\/wp\/v2\/types\/post"}],"author":[{"embeddable":true,"href":"https:\/\/linitiative.ca\/International\/wp-json\/wp\/v2\/users\/1740"}],"replies":[{"embeddable":true,"href":"https:\/\/linitiative.ca\/International\/wp-json\/wp\/v2\/comments?post=60106"}],"version-history":[{"count":0,"href":"https:\/\/linitiative.ca\/International\/wp-json\/wp\/v2\/posts\/60106\/revisions"}],"wp:attachment":[{"href":"https:\/\/linitiative.ca\/International\/wp-json\/wp\/v2\/media?parent=60106"}],"wp:term":[{"taxonomy":"category","embeddable":true,"href":"https:\/\/linitiative.ca\/International\/wp-json\/wp\/v2\/categories?post=60106"},{"taxonomy":"post_tag","embeddable":true,"href":"https:\/\/linitiative.ca\/International\/wp-json\/wp\/v2\/tags?post=60106"}],"curies":[{"name":"wp","href":"https:\/\/api.w.org\/{rel}","templated":true}]}}