{"id":60107,"date":"2019-09-04T14:53:00","date_gmt":"2019-09-04T18:53:00","guid":{"rendered":"https:\/\/linitiative.ca\/International\/lapparition-discrete-de-houda-feraoun\/"},"modified":"2019-09-04T14:53:00","modified_gmt":"2019-09-04T18:53:00","slug":"lapparition-discrete-de-houda-feraoun","status":"publish","type":"post","link":"https:\/\/linitiative.ca\/International\/lapparition-discrete-de-houda-feraoun\/","title":{"rendered":"L\u2019apparition  discr\u00e8te de Houda  Feraoun"},"content":{"rendered":"<p><br id=\"sep_para_1\" class=\"sep_para access\"\/><\/p>\n<div id=\"para_1\" class=\"para_32851375 resize\">\n<div class=\"texte access firstletter\">Houda-Imane Feraoun, ministre de la Poste et des Technologies, membre du gouvernement B\u00e9doui, fortement contest\u00e9 par la population, s\u2019est rendu hier \u00e0 Lakhdaria, dans la discr\u00e9tion totale, pour assister \u00e0 l\u2019inauguration d\u2019un \u00e9tablissement secondaire, a-t-on appris de source locale. La ministre n\u2019a pas assist\u00e9 au reste du programme mis en place par les autorit\u00e9s locales de la wilaya. La d\u00e9l\u00e9gation conduite par le wali de Bouira, Limani Mustapha, donnait l\u2019impression d\u2019\u00eatre mal \u00e0 l\u2019aise surtout que les sorties des ministres et des repr\u00e9sentants du gouvernement sont devenues presque impossible depuis le d\u00e9but de l\u2019insurrection populaire du 22 f\u00e9vrier. Selon El-Watan, la ministre, \u00ab fuyarde \u00bb, qui a \u00e9vit\u00e9 tout contact avec la population a \u00e9galement esquiv\u00e9 les micros des journalistes pr\u00e9sents.<\/div>\n<\/div>\n<p>Auteur: R\u00e9flexion<br \/>\n<a href=\"https:\/\/www.reflexiondz.net\/L-apparition-discrete-de-Houda-Feraoun_a57455.html\">Cliquez ici pour lire l&rsquo;article depuis sa source.<\/a><\/p>\n","protected":false},"excerpt":{"rendered":"<p>Houda-Imane Feraoun, ministre de la Poste et des Technologies, membre du gouvernement B\u00e9doui, fortement contest\u00e9 par la population, s\u2019est rendu hier \u00e0 Lakhdaria, dans la discr\u00e9tion totale, pour assister \u00e0 l\u2019inauguration d\u2019un \u00e9tablissement secondaire, a-t-on appris de source locale. La ministre n\u2019a pas assist\u00e9 au reste du programme mis en place par les autorit\u00e9s locales [&hellip;]<\/p>\n","protected":false},"author":1740,"featured_media":0,"comment_status":"closed","ping_status":"closed","sticky":false,"template":"","format":"standard","meta":{"fifu_image_url":"","fifu_image_alt":"","footnotes":""},"categories":[53,76],"tags":[],"class_list":["post-60107","post","type-post","status-publish","format-standard","hentry","category-algerie","category-regions"],"_links":{"self":[{"href":"https:\/\/linitiative.ca\/International\/wp-json\/wp\/v2\/posts\/60107","targetHints":{"allow":["GET"]}}],"collection":[{"href":"https:\/\/linitiative.ca\/International\/wp-json\/wp\/v2\/posts"}],"about":[{"href":"https:\/\/linitiative.ca\/International\/wp-json\/wp\/v2\/types\/post"}],"author":[{"embeddable":true,"href":"https:\/\/linitiative.ca\/International\/wp-json\/wp\/v2\/users\/1740"}],"replies":[{"embeddable":true,"href":"https:\/\/linitiative.ca\/International\/wp-json\/wp\/v2\/comments?post=60107"}],"version-history":[{"count":0,"href":"https:\/\/linitiative.ca\/International\/wp-json\/wp\/v2\/posts\/60107\/revisions"}],"wp:attachment":[{"href":"https:\/\/linitiative.ca\/International\/wp-json\/wp\/v2\/media?parent=60107"}],"wp:term":[{"taxonomy":"category","embeddable":true,"href":"https:\/\/linitiative.ca\/International\/wp-json\/wp\/v2\/categories?post=60107"},{"taxonomy":"post_tag","embeddable":true,"href":"https:\/\/linitiative.ca\/International\/wp-json\/wp\/v2\/tags?post=60107"}],"curies":[{"name":"wp","href":"https:\/\/api.w.org\/{rel}","templated":true}]}}