{"id":60108,"date":"2019-09-04T14:53:00","date_gmt":"2019-09-04T18:53:00","guid":{"rendered":"https:\/\/linitiative.ca\/International\/le-chef-de-cabinet-du-ministere-de-lhabitat-claque-la-porte\/"},"modified":"2019-09-04T14:53:00","modified_gmt":"2019-09-04T18:53:00","slug":"le-chef-de-cabinet-du-ministere-de-lhabitat-claque-la-porte","status":"publish","type":"post","link":"https:\/\/linitiative.ca\/International\/le-chef-de-cabinet-du-ministere-de-lhabitat-claque-la-porte\/","title":{"rendered":"Le chef de cabinet du Minist\u00e8re  de l\u2019habitat claque la porte"},"content":{"rendered":"<p><br id=\"sep_para_1\" class=\"sep_para access\"\/><\/p>\n<div id=\"para_1\" class=\"para_32851374 resize\">\n<div class=\"texte access firstletter\">Le chef de cabinet du Ministre de l\u2019habitat, M.Mohamed Khabech \u00e0 calquer la porte du Minist\u00e8re de l\u2019habitat en raison de divergences avec son ministre. Or, depuis environ un mois maintenant, il semble bien que le courant ne passe plus entre le chef de cabinet et le ministre. Ainsi, le directeur de cabinet ne se serait plus rendu \u00e0 son bureau depuis plusieurs jours, pr\u00e9f\u00e9rant ainsi quitter la table apr\u00e8s que les diff\u00e9rentes tentatives de compromis se sont toutes sold\u00e9es par des \u00e9checs. Les agents de s\u00e9curit\u00e9s du minist\u00e8re ont pu constater, que le bureau du chef de cabinet avait \u00e9t\u00e9 pr\u00e9alablement vid\u00e9, sans qu\u2019aucune explication ne soit parvenue au Minist\u00e8re. Rappelons que le chef de cabinet du Minist\u00e8re de l\u2019habitat, M.Mohamed Khabech, avait dirig\u00e9 la direction de l\u2019AADL et l\u2019Agence nationale avant d\u2019\u00eatre nomm\u00e9 au poste de chef de cabinet du ministre de l\u2019habitat, de l\u2019urbanisme et de la ville en 2018.<\/div>\n<\/div>\n<p>Auteur: R\u00e9flexion<br \/>\n<a href=\"https:\/\/www.reflexiondz.net\/Le-chef-de-cabinet-du-Ministere-de-l-habitat-claque-la-porte_a57454.html\">Cliquez ici pour lire l&rsquo;article depuis sa source.<\/a><\/p>\n","protected":false},"excerpt":{"rendered":"<p>Le chef de cabinet du Ministre de l\u2019habitat, M.Mohamed Khabech \u00e0 calquer la porte du Minist\u00e8re de l\u2019habitat en raison de divergences avec son ministre. Or, depuis environ un mois maintenant, il semble bien que le courant ne passe plus entre le chef de cabinet et le ministre. Ainsi, le directeur de cabinet ne se [&hellip;]<\/p>\n","protected":false},"author":1740,"featured_media":0,"comment_status":"closed","ping_status":"closed","sticky":false,"template":"","format":"standard","meta":{"fifu_image_url":"","fifu_image_alt":"","footnotes":""},"categories":[53,76],"tags":[],"class_list":["post-60108","post","type-post","status-publish","format-standard","hentry","category-algerie","category-regions"],"_links":{"self":[{"href":"https:\/\/linitiative.ca\/International\/wp-json\/wp\/v2\/posts\/60108","targetHints":{"allow":["GET"]}}],"collection":[{"href":"https:\/\/linitiative.ca\/International\/wp-json\/wp\/v2\/posts"}],"about":[{"href":"https:\/\/linitiative.ca\/International\/wp-json\/wp\/v2\/types\/post"}],"author":[{"embeddable":true,"href":"https:\/\/linitiative.ca\/International\/wp-json\/wp\/v2\/users\/1740"}],"replies":[{"embeddable":true,"href":"https:\/\/linitiative.ca\/International\/wp-json\/wp\/v2\/comments?post=60108"}],"version-history":[{"count":0,"href":"https:\/\/linitiative.ca\/International\/wp-json\/wp\/v2\/posts\/60108\/revisions"}],"wp:attachment":[{"href":"https:\/\/linitiative.ca\/International\/wp-json\/wp\/v2\/media?parent=60108"}],"wp:term":[{"taxonomy":"category","embeddable":true,"href":"https:\/\/linitiative.ca\/International\/wp-json\/wp\/v2\/categories?post=60108"},{"taxonomy":"post_tag","embeddable":true,"href":"https:\/\/linitiative.ca\/International\/wp-json\/wp\/v2\/tags?post=60108"}],"curies":[{"name":"wp","href":"https:\/\/api.w.org\/{rel}","templated":true}]}}