{"id":60109,"date":"2019-09-04T14:53:00","date_gmt":"2019-09-04T18:53:00","guid":{"rendered":"https:\/\/linitiative.ca\/International\/dialogue-social-en-milieu-educatif-de-nouveaux-mecanismes-pour-la-stabilite-du-systeme\/"},"modified":"2019-09-04T14:53:00","modified_gmt":"2019-09-04T18:53:00","slug":"dialogue-social-en-milieu-educatif-de-nouveaux-mecanismes-pour-la-stabilite-du-systeme","status":"publish","type":"post","link":"https:\/\/linitiative.ca\/International\/dialogue-social-en-milieu-educatif-de-nouveaux-mecanismes-pour-la-stabilite-du-systeme\/","title":{"rendered":"DIALOGUE SOCIAL EN MILIEU EDUCATIF : De nouveaux m\u00e9canismes pour la stabilit\u00e9 du syst\u00e8me"},"content":{"rendered":"<p><br id=\"sep_para_1\" class=\"sep_para access\"\/><\/p>\n<div id=\"para_1\" class=\"para_32851372 resize\">\n<div class=\"texte access firstletter\">Le ministre de l&rsquo;\u00e9ducation nationale, M. Abdelhakim Belabed a affirm\u00e9, mardi dernier\u00a0 \u00e0 Alger, qu&rsquo;il sera proc\u00e9d\u00e9 \u00e0 la mise en place de m\u00e9canismes n\u00e9cessaires pour permettre \u00e0 l&rsquo;action syndicale de contribuer \u00e0 la stabilit\u00e9 du secteur. Dans une d\u00e9claration \u00e0 la presse \u00e0 l&rsquo;issue de l&rsquo;audience accord\u00e9e aux repr\u00e9sentants de cinq nouveaux syndicats relevant du secteur, agr\u00e9\u00e9s r\u00e9cemment par le minist\u00e8re du travail, de l&#8217;emploi et de la s\u00e9curit\u00e9 sociale, le ministre a pr\u00e9cis\u00e9 que \u00ab\u00a0des m\u00e9canismes n\u00e9cessaires seront mis en place pour faire de l&rsquo;action syndicale une valeur ajout\u00e9e contribuant \u00e0 la stabilit\u00e9 du secteur\u2019\u2019. Des consultations seront engag\u00e9es avec les repr\u00e9sentants des syndicats sur les voies et moyens de soulever les pr\u00e9occupations socio-professionnelles des travailleurs du secteur pour les prendre en charge dans le cadre de la loi, a soulign\u00e9 le ministre. \u00ab\u00a0Du point de vue du minist\u00e8re, l&rsquo;action syndicale ne peut \u00eatre r\u00e9sum\u00e9e uniquement en mouvement de gr\u00e8ve\u00a0\u00bb, a-t-il estim\u00e9, mettant en avant que le syndicat \u00ab\u00a0est la force de proposition et joue un r\u00f4le responsable qui consiste \u00e0 soulever, accompagner et d\u00e9fendre les pr\u00e9occupations et les revendications l\u00e9gitimes des travailleurs\u2019\u2019. R\u00e9pondant \u00e0 une question sur la nouvelle strat\u00e9gie \u00e9labor\u00e9e par le minist\u00e8re pour interagir avec les syndicats, le premier responsable du secteur a d\u00e9clar\u00e9 que cette strat\u00e9gie \u00ab\u00a0s&rsquo;articule autour de la mise \u00e0 contribution de tout un chacun et de la recherche de solutions aux probl\u00e8mes soulev\u00e9s dans le cadre de la confiance, la sinc\u00e9rit\u00e9 et le respect mutuel entre les syndicats\u00bb.\u00a0\u00a0\u00a0\u00a0\u00a0\u00a0\u00a0\u00a0\u00a0\u00a0\u00a0\u00a0\u00a0<\/div>\n<\/div>\n<p>Auteur: Nadine<br \/>\n<a href=\"https:\/\/www.reflexiondz.net\/DIALOGUE-SOCIAL-EN-MILIEU-EDUCATIF-De-nouveaux-mecanismes-pour-la-stabilite-du-systeme_a57453.html\">Cliquez ici pour lire l&rsquo;article depuis sa source.<\/a><\/p>\n","protected":false},"excerpt":{"rendered":"<p>Le ministre de l&rsquo;\u00e9ducation nationale, M. Abdelhakim Belabed a affirm\u00e9, mardi dernier\u00a0 \u00e0 Alger, qu&rsquo;il sera proc\u00e9d\u00e9 \u00e0 la mise en place de m\u00e9canismes n\u00e9cessaires pour permettre \u00e0 l&rsquo;action syndicale de contribuer \u00e0 la stabilit\u00e9 du secteur. Dans une d\u00e9claration \u00e0 la presse \u00e0 l&rsquo;issue de l&rsquo;audience accord\u00e9e aux repr\u00e9sentants de cinq nouveaux syndicats relevant [&hellip;]<\/p>\n","protected":false},"author":1740,"featured_media":0,"comment_status":"closed","ping_status":"closed","sticky":false,"template":"","format":"standard","meta":{"fifu_image_url":"","fifu_image_alt":"","footnotes":""},"categories":[53,76],"tags":[],"class_list":["post-60109","post","type-post","status-publish","format-standard","hentry","category-algerie","category-regions"],"_links":{"self":[{"href":"https:\/\/linitiative.ca\/International\/wp-json\/wp\/v2\/posts\/60109","targetHints":{"allow":["GET"]}}],"collection":[{"href":"https:\/\/linitiative.ca\/International\/wp-json\/wp\/v2\/posts"}],"about":[{"href":"https:\/\/linitiative.ca\/International\/wp-json\/wp\/v2\/types\/post"}],"author":[{"embeddable":true,"href":"https:\/\/linitiative.ca\/International\/wp-json\/wp\/v2\/users\/1740"}],"replies":[{"embeddable":true,"href":"https:\/\/linitiative.ca\/International\/wp-json\/wp\/v2\/comments?post=60109"}],"version-history":[{"count":0,"href":"https:\/\/linitiative.ca\/International\/wp-json\/wp\/v2\/posts\/60109\/revisions"}],"wp:attachment":[{"href":"https:\/\/linitiative.ca\/International\/wp-json\/wp\/v2\/media?parent=60109"}],"wp:term":[{"taxonomy":"category","embeddable":true,"href":"https:\/\/linitiative.ca\/International\/wp-json\/wp\/v2\/categories?post=60109"},{"taxonomy":"post_tag","embeddable":true,"href":"https:\/\/linitiative.ca\/International\/wp-json\/wp\/v2\/tags?post=60109"}],"curies":[{"name":"wp","href":"https:\/\/api.w.org\/{rel}","templated":true}]}}