{"id":60116,"date":"2019-09-04T11:40:00","date_gmt":"2019-09-04T15:40:00","guid":{"rendered":"https:\/\/linitiative.ca\/International\/avec-la-saison-bleue-protege-ta-mer\/"},"modified":"2019-09-04T11:40:00","modified_gmt":"2019-09-04T15:40:00","slug":"avec-la-saison-bleue-protege-ta-mer","status":"publish","type":"post","link":"https:\/\/linitiative.ca\/International\/avec-la-saison-bleue-protege-ta-mer\/","title":{"rendered":"Avec La Saison Bleue, prot\u00e8ge ta mer !"},"content":{"rendered":"<p>N\u00e9e en Tunisie avec succ\u00e8s \u00e0 l\u2019\u00e9t\u00e9 2018, La Saison Bleue revient en force pour une seconde \u00e9dition 2019 avec son concept original : offrir \u00e0 un vaste public un programme de manifestations c\u00e9l\u00e9brant les richesses de la mer sous toutes ses formes.<\/p>\n<p>Au menu de ce label original, symbolis\u00e9 par l\u2019\u00e9ponge bleue de l\u2019archipel tunisien des Kerkennah : festivals, patrimoine maritime, culture vivante, sports nautiques, tourisme c\u00f4tier, d\u00e9bats \u00e9conomiques\u2026<\/p>\n<p>Pr\u00e8s de cent \u00e9v\u00e8nements qui, de juin \u00e0 septembre, font vivre de Tabarka \u00e0 Zarzis les 1400 kilom\u00e8tres des c\u00f4tes tunisiennes et sensibilisent d\u00e9cideurs, citoyens et touristes \u00e0 une exploitation vertueuse d\u2019un littoral magnifique mais cependant de plus en plus fragilis\u00e9.<\/p>\n<p>Lanc\u00e9e le 19 juin aux Ports Puniques, sur le site embl\u00e9matique de la grande histoire maritime de Carthage, La Saison Bleue se conclura le 21 septembre par la seconde \u00e9dition du Forum de la Mer de Bizerte, d\u00e9sormais pr\u00e9sid\u00e9 par Pascal Lamy, ancien directeur g\u00e9n\u00e9ral de l\u02bcOrganisation Mondiale du Commerce.<\/p>\n<p>F\u00e9d\u00e9rant un large public autour des enjeux maritimes, La Saison Bleue r\u00e9compensera \u00e9galement des initiatives \u00e9manant de villes c\u00f4ti\u00e8res comme d\u2019associations ou de startups \u00e0 travers AMWEJ, le premier appel \u00e0 projets tunisien pour une \u00e9conomie bleue durable.<\/p>\n<p>Enfin, pour cette \u00e9dition 2019, La Saison Bleue s\u2019arr\u00eatera tout particuli\u00e8rement \u00e0 Zarzis, Gab\u00e8s, Nabeul, Sfax ainsi qu\u2019aux Kerkennah en y organisant des \u00e9v\u00e8nements mettant en valeur l\u2019importance strat\u00e9gique du littoral face aux enjeux d\u2019un d\u00e9veloppement \u00e9conomique \u00ab bleu \u00bb et durable.<\/p>\n<p>Face \u00e0 l\u2019urgence de la catastrophe \u00e9cologique, ce sont des milliers d\u2019acteurs publics comme priv\u00e9s qui s\u2019engagent. Pour une M\u00e9diterran\u00e9e propre et prosp\u00e8re, \u00e9quitable et durable.<br \/>Prot\u00e8ge ta mer!<\/p>\n<p><a href=\"\/uploads\/FCK_files\/appel%20%C3%A0%20projet%20amwej%202019.pdf\" target=\"_blank\" rel=\"noopener noreferrer\"><strong>T\u00e9l\u00e9charger document<\/strong><\/a><\/p>\n<p>Auteur:<br \/>\n<a href=\"https:\/\/www.leaders.com.tn\/article\/27879-avec-la-saison-bleue-protege-ta-mer\">Cliquez ici pour lire l&rsquo;article depuis sa source.<\/a><\/p>\n","protected":false},"excerpt":{"rendered":"<p>N\u00e9e en Tunisie avec succ\u00e8s \u00e0 l\u2019\u00e9t\u00e9 2018, La Saison Bleue revient en force pour une seconde \u00e9dition 2019 avec son concept original : offrir \u00e0 un vaste public un programme de manifestations c\u00e9l\u00e9brant les richesses de la mer sous toutes ses formes. Au menu de ce label original, symbolis\u00e9 par l\u2019\u00e9ponge bleue de l\u2019archipel [&hellip;]<\/p>\n","protected":false},"author":1772,"featured_media":0,"comment_status":"closed","ping_status":"closed","sticky":false,"template":"","format":"standard","meta":{"fifu_image_url":"","fifu_image_alt":"","footnotes":""},"categories":[73,55],"tags":[],"class_list":["post-60116","post","type-post","status-publish","format-standard","hentry","category-actualite","category-tunisie"],"_links":{"self":[{"href":"https:\/\/linitiative.ca\/International\/wp-json\/wp\/v2\/posts\/60116","targetHints":{"allow":["GET"]}}],"collection":[{"href":"https:\/\/linitiative.ca\/International\/wp-json\/wp\/v2\/posts"}],"about":[{"href":"https:\/\/linitiative.ca\/International\/wp-json\/wp\/v2\/types\/post"}],"author":[{"embeddable":true,"href":"https:\/\/linitiative.ca\/International\/wp-json\/wp\/v2\/users\/1772"}],"replies":[{"embeddable":true,"href":"https:\/\/linitiative.ca\/International\/wp-json\/wp\/v2\/comments?post=60116"}],"version-history":[{"count":0,"href":"https:\/\/linitiative.ca\/International\/wp-json\/wp\/v2\/posts\/60116\/revisions"}],"wp:attachment":[{"href":"https:\/\/linitiative.ca\/International\/wp-json\/wp\/v2\/media?parent=60116"}],"wp:term":[{"taxonomy":"category","embeddable":true,"href":"https:\/\/linitiative.ca\/International\/wp-json\/wp\/v2\/categories?post=60116"},{"taxonomy":"post_tag","embeddable":true,"href":"https:\/\/linitiative.ca\/International\/wp-json\/wp\/v2\/tags?post=60116"}],"curies":[{"name":"wp","href":"https:\/\/api.w.org\/{rel}","templated":true}]}}