{"id":60117,"date":"2019-09-04T11:55:00","date_gmt":"2019-09-04T15:55:00","guid":{"rendered":"https:\/\/linitiative.ca\/International\/aissa-baccouche-40eme-jour-du-deces-de-b-c-e-in-memoriam\/"},"modified":"2019-09-04T11:55:00","modified_gmt":"2019-09-04T15:55:00","slug":"aissa-baccouche-40eme-jour-du-deces-de-b-c-e-in-memoriam","status":"publish","type":"post","link":"https:\/\/linitiative.ca\/International\/aissa-baccouche-40eme-jour-du-deces-de-b-c-e-in-memoriam\/","title":{"rendered":"Aissa Baccouche &#8211; 40\u00e8me jour du d\u00e9c\u00e8s de B.C.E: In m\u00e9moriam \u2026"},"content":{"rendered":"<p>Comme la marche de Radetzky de Johann Strauss (1804-1849), point d\u2019orgue du concert du Nouvel An,la pr\u00e9sidence de B.C.E s\u2019est achev\u00e9e le 25 juillet dernier dans la ferveur.<\/p>\n<p>A l\u2019encan, toutefois, quelques fausses notes, notamment celles serin\u00e9es sur les plateaux de TV par certains anciens pontes du parti du pr\u00e9sident qui, apr\u00e8s avoir crach\u00e9 dans la soupe, viennent apr\u00e8s le d\u00e9c\u00e8s de leur g\u00e9niteur politique, y go\u00fbter un peu, passionn\u00e9ment et \u00e0 la goulue\u2026<\/p>\n<p>L\u00e0 o\u00f9 repose son \u00e2me, le d\u00e9funt bien heureux qui a \u00e9tay\u00e9 de son vivant le fameux adage \u00ab c\u2019est dans les vieilles marmites qu\u2019on fait de la bonne soupe \u00bb doit se pourl\u00e9cher les babines.<\/p>\n<p>La derni\u00e8re fois que j\u2019ai rencontr\u00e9 Si B\u00e9ji c\u2019\u00e9tait au domicile de feu Mohamed Sayah quand il venait pr\u00e9senter ses condol\u00e9ances \u00e0 la famille de l\u2019enfant putatif de Bourguiba. En m\u2019apercevant il m\u2019interpella avec sa verve coutumi\u00e8re: \u00abalors comment vont les roses de l\u2019Ariana?\u00bb<\/p>\n<p>Maintenant qu\u2019il n\u2019est plus l\u00e0, c\u2019est avec \u00e9motion que je me rem\u00e9more ces vers de Ronsard (1824-1585), le chantre de la rose, que je d\u00e9die \u00e0 celui qui comptait beaucoup d\u2019amis parmi les Arianais que j\u2019eus l\u2019honneur de servir de 1980 \u00e0 1985.<\/p>\n<p>Pour obs\u00e8ques re\u00e7ois mes larmes et pleurs<\/p>\n<p>Ce vase plein de lait, ce panier plein de fleurs.<\/p>\n<p class=\"c2\"><strong>Aissa Baccouche<\/strong><br \/>\u00a0<\/p>\n<p>Auteur:<br \/>\n<a href=\"https:\/\/www.leaders.com.tn\/article\/27880-aissa-baccouche-40eme-jours-du-deces-de-b-c-e-a-titre-posthume\">Cliquez ici pour lire l&rsquo;article depuis sa source.<\/a><\/p>\n","protected":false},"excerpt":{"rendered":"<p>Comme la marche de Radetzky de Johann Strauss (1804-1849), point d\u2019orgue du concert du Nouvel An,la pr\u00e9sidence de B.C.E s\u2019est achev\u00e9e le 25 juillet dernier dans la ferveur. A l\u2019encan, toutefois, quelques fausses notes, notamment celles serin\u00e9es sur les plateaux de TV par certains anciens pontes du parti du pr\u00e9sident qui, apr\u00e8s avoir crach\u00e9 dans [&hellip;]<\/p>\n","protected":false},"author":1772,"featured_media":0,"comment_status":"closed","ping_status":"closed","sticky":false,"template":"","format":"standard","meta":{"fifu_image_url":"","fifu_image_alt":"","footnotes":""},"categories":[73,55],"tags":[],"class_list":["post-60117","post","type-post","status-publish","format-standard","hentry","category-actualite","category-tunisie"],"_links":{"self":[{"href":"https:\/\/linitiative.ca\/International\/wp-json\/wp\/v2\/posts\/60117","targetHints":{"allow":["GET"]}}],"collection":[{"href":"https:\/\/linitiative.ca\/International\/wp-json\/wp\/v2\/posts"}],"about":[{"href":"https:\/\/linitiative.ca\/International\/wp-json\/wp\/v2\/types\/post"}],"author":[{"embeddable":true,"href":"https:\/\/linitiative.ca\/International\/wp-json\/wp\/v2\/users\/1772"}],"replies":[{"embeddable":true,"href":"https:\/\/linitiative.ca\/International\/wp-json\/wp\/v2\/comments?post=60117"}],"version-history":[{"count":0,"href":"https:\/\/linitiative.ca\/International\/wp-json\/wp\/v2\/posts\/60117\/revisions"}],"wp:attachment":[{"href":"https:\/\/linitiative.ca\/International\/wp-json\/wp\/v2\/media?parent=60117"}],"wp:term":[{"taxonomy":"category","embeddable":true,"href":"https:\/\/linitiative.ca\/International\/wp-json\/wp\/v2\/categories?post=60117"},{"taxonomy":"post_tag","embeddable":true,"href":"https:\/\/linitiative.ca\/International\/wp-json\/wp\/v2\/tags?post=60117"}],"curies":[{"name":"wp","href":"https:\/\/api.w.org\/{rel}","templated":true}]}}