{"id":60118,"date":"2019-09-04T12:29:00","date_gmt":"2019-09-04T16:29:00","guid":{"rendered":"https:\/\/linitiative.ca\/International\/ceremonie-du-40e-jour-du-deces-du-president-caid-essebsi-raviver-la-ferveur-du-25-juillet\/"},"modified":"2019-09-04T12:29:00","modified_gmt":"2019-09-04T16:29:00","slug":"ceremonie-du-40e-jour-du-deces-du-president-caid-essebsi-raviver-la-ferveur-du-25-juillet","status":"publish","type":"post","link":"https:\/\/linitiative.ca\/International\/ceremonie-du-40e-jour-du-deces-du-president-caid-essebsi-raviver-la-ferveur-du-25-juillet\/","title":{"rendered":"C\u00e9r\u00e9monie du 40e jour du d\u00e9c\u00e8s du pr\u00e9sident Ca\u00efd  Essebsi  : raviver la ferveur du 25 juillet"},"content":{"rendered":"<p>La c\u00e9r\u00e9monie du 40e jour du d\u00e9c\u00e8s du pr\u00e9sident d\u00e9funt B\u00e9ji Ca\u00efd Essebsi aura lieu ce jeudi 5 septembre \u00e0 la Cit\u00e9 de la Culture de Tunis. Dans une d\u00e9claration, l\u2019ancien pr\u00e9sident d\u2019honneur de l\u2019association tunisienne pour les Nations Unies, Ahmed Ouna\u00efes a pr\u00e9cis\u00e9 que cette manifestation rev\u00eatira un caract\u00e8re strictement national et familial dans la mesure o\u00f9\u00a0 , outre les membres de la famille du d\u00e9funt, seuls les\u00a0 membres du gouvernement, les d\u00e9put\u00e9s et les dirigeants des partis et associations amis et proches y seront invit\u00e9s.<\/p>\n<p>Organis\u00e9e par l\u2019association tunisienne pour les Nations Unies en collaboration avec le minist\u00e8re des Affaires culturelles, cette c\u00e9r\u00e9monie comportera des psalmodies du Saint Coran, des chants religieux, la projection de films documentaires sur le pr\u00e9sident d\u00e9funt et des t\u00e9moignages de personnalit\u00e9s nationales qui l&rsquo;ont connu ou collabor\u00e9 avec lui.<\/p>\n<p>On peut s&rsquo;\u00e9tonner de la mise \u00e0 l&rsquo;\u00e9cart de Nidaa Tounes, le parti cr\u00e9\u00e9 par le pr\u00e9sident d\u00e9funt, dans l&rsquo;organisation de cette manifestation. Le pr\u00e9sident d&rsquo;honneur de l&rsquo;Association tunisienne pour les Nations Unies a expliqu\u00e9 que cela relevait du souci de ne pas politiser la c\u00e9r\u00e9monie d\u2019autant plus qu\u2019elle co\u00efncide avec la campagne \u00e9lectorale.<\/p>\n<p>D&rsquo;autre part, on apprend qu&rsquo;une avenue de la ville de Carthage sera baptis\u00e9e le m\u00eame jour au nom de B\u00e9ji Ca\u00efd Essebsi en pr\u00e9sence du pr\u00e9sident de la R\u00e9publique par int\u00e9rim, Mohamed\u00a0 Ennaceur.\u00a0<\/p>\n<p>Auteur:<br \/>\n<a href=\"https:\/\/www.leaders.com.tn\/article\/27881-ceremonie-du-40e-jour-du-deces-du-president-caid-essebsi-raviver-la-ferveur-du-25-juillet\">Cliquez ici pour lire l&rsquo;article depuis sa source.<\/a><\/p>\n","protected":false},"excerpt":{"rendered":"<p>La c\u00e9r\u00e9monie du 40e jour du d\u00e9c\u00e8s du pr\u00e9sident d\u00e9funt B\u00e9ji Ca\u00efd Essebsi aura lieu ce jeudi 5 septembre \u00e0 la Cit\u00e9 de la Culture de Tunis. Dans une d\u00e9claration, l\u2019ancien pr\u00e9sident d\u2019honneur de l\u2019association tunisienne pour les Nations Unies, Ahmed Ouna\u00efes a pr\u00e9cis\u00e9 que cette manifestation rev\u00eatira un caract\u00e8re strictement national et familial dans [&hellip;]<\/p>\n","protected":false},"author":1772,"featured_media":0,"comment_status":"closed","ping_status":"closed","sticky":false,"template":"","format":"standard","meta":{"fifu_image_url":"","fifu_image_alt":"","footnotes":""},"categories":[73,55],"tags":[],"class_list":["post-60118","post","type-post","status-publish","format-standard","hentry","category-actualite","category-tunisie"],"_links":{"self":[{"href":"https:\/\/linitiative.ca\/International\/wp-json\/wp\/v2\/posts\/60118","targetHints":{"allow":["GET"]}}],"collection":[{"href":"https:\/\/linitiative.ca\/International\/wp-json\/wp\/v2\/posts"}],"about":[{"href":"https:\/\/linitiative.ca\/International\/wp-json\/wp\/v2\/types\/post"}],"author":[{"embeddable":true,"href":"https:\/\/linitiative.ca\/International\/wp-json\/wp\/v2\/users\/1772"}],"replies":[{"embeddable":true,"href":"https:\/\/linitiative.ca\/International\/wp-json\/wp\/v2\/comments?post=60118"}],"version-history":[{"count":0,"href":"https:\/\/linitiative.ca\/International\/wp-json\/wp\/v2\/posts\/60118\/revisions"}],"wp:attachment":[{"href":"https:\/\/linitiative.ca\/International\/wp-json\/wp\/v2\/media?parent=60118"}],"wp:term":[{"taxonomy":"category","embeddable":true,"href":"https:\/\/linitiative.ca\/International\/wp-json\/wp\/v2\/categories?post=60118"},{"taxonomy":"post_tag","embeddable":true,"href":"https:\/\/linitiative.ca\/International\/wp-json\/wp\/v2\/tags?post=60118"}],"curies":[{"name":"wp","href":"https:\/\/api.w.org\/{rel}","templated":true}]}}