{"id":60124,"date":"2019-09-04T07:55:14","date_gmt":"2019-09-04T11:55:14","guid":{"rendered":"https:\/\/linitiative.ca\/International\/video-casablanca-pas-de-blesse-dans-un-accident-du-tramway\/"},"modified":"2019-09-04T07:55:14","modified_gmt":"2019-09-04T11:55:14","slug":"video-casablanca-pas-de-blesse-dans-un-accident-du-tramway","status":"publish","type":"post","link":"https:\/\/linitiative.ca\/International\/video-casablanca-pas-de-blesse-dans-un-accident-du-tramway\/","title":{"rendered":"Vid\u00e9o. Casablanca : pas de bless\u00e9 dans un accident du tramway"},"content":{"rendered":"<p><strong>Un automobiliste, \u00ab\u00a0roulant \u00e0 tr\u00e8s vive allure\u00a0\u00bb, a percut\u00e9, t\u00f4t ce matin \u00e0 Casablanca, une rame de tramway au niveau de la pr\u00e9fecture d\u2019A\u00efn Seba\u00e2, sans faire de victime, indique RATP Dev, en charge de l\u2019exploitation du r\u00e9seau de transport en commun en site propre dans la m\u00e9tropole.\u00a0<\/strong><\/p>\n<div class=\"c10\"\/>\n<p>\u00ab\u00a0Un automobiliste, roulant \u00e0 tr\u00e8s vive allure, a perdu le contr\u00f4le de son v\u00e9hicule pour des raisons inconnues et est venu percuter une rame de la Ligne T2 au niveau de la Pr\u00e9fecture A\u00efn Seba\u00e2\u00a0\u00bb, fait savoir RATP Dev dans un communiqu\u00e9.\u00a0Selon la m\u00eame source, \u00ab\u00a0la violence du choc a \u00e9t\u00e9 telle, qu\u2019elle a provoqu\u00e9 le d\u00e9raillement de la rame sur une quinzaine de m\u00e8tres\u00a0\u00bb.<\/p>\n<div class=\"wp-block-embed__wrapper\">\n<div class=\"fb-video\" data-href=\"https:\/\/www.facebook.com\/casatram\/videos\/2444586402531491\/\" data-width=\"1140\">\n<blockquote cite=\"https:\/\/www.facebook.com\/casatram\/videos\/2444586402531491\/\" class=\"fb-xfbml-parse-ignore\">\n<p><a href=\"https:\/\/www.facebook.com\/casatram\/videos\/2444586402531491\/\">Accident d&rsquo;un tramway avec un automobiliste<\/a><\/p>\n<p>\u26a0\ufe0f\ud83c\udf9e \u0627\u0644\u0635\u0648\u0631 \u062a\u0648\u062b\u0642 \u0644\u0644\u062d\u0627\u062f\u062b\u0629 \u0627\u0644\u062a\u064a \u0648\u0642\u0639\u062a \u064a\u0648\u0645 \u0627\u0644\u062b\u0644\u0627\u062b\u0627\u0621 3 \u0633\u0628\u062a\u0645\u0628\u0631 \u0639\u0644\u0649 \u0627\u0644\u0633\u0627\u0639\u0629 5:30 \u0635\u0628\u0627\u062d\u064b\u0627 \u0628\u0627\u0644\u0642\u0631\u0628 \u0645\u0646 \u0639\u0645\u0627\u0644\u0629 \u0639\u064a\u0646 \u0627\u0644\u0633\u0628\u0639. \u062d\u064a\u062b \u0643\u0627\u0646 \u064a\u0642\u0648\u062f \u0627\u0644\u0633\u0627\u0626\u0642 \u0628\u0633\u0631\u0639\u0629 \u0639\u0627\u0644\u064a\u0629 \u0648\u0644\u0645 \u064a\u062d\u062a\u0631\u0645 \u0625\u0634\u0627\u0631\u0627\u062a \u0627\u0644\u0645\u0631\u0648\u0631 \u060c \u0641\u0622\u062f\u0649 \u0630\u0644\u0643 \u0625\u0644\u0649 \u0627\u0644\u0625\u0635\u0637\u062f\u0627\u0645 \u0628\u0642\u0627\u0637\u0631\u0629 \u0627\u0644\u062e\u0637 2.\u26a0\ufe0f \u0643\u0627\u0632\u0627 \u0637\u0631\u0627\u0645\u0648\u0627\u064a \u062a\u0634\u064a\u0631 \u0625\u0644\u0649 \u0623\u0647\u0645\u064a\u0629 \u0627\u062d\u062a\u0631\u0627\u0645 \u0642\u0648\u0627\u0639\u062f \u0627\u0644\u0633\u064a\u0631 \u0644\u062c\u0645\u064a\u0639 \u0645\u0633\u062a\u062e\u062f\u0645\u064a \u0627\u0644\u0637\u0631\u064a\u0642 : \u0633\u0627\u0626\u0642\u064a \u0627\u0644\u0633\u064a\u0627\u0631\u0627\u062a \u060c \u0631\u0627\u0643\u0628\u064a \u0627\u0644\u062f\u0631\u0627\u062c\u0627\u062a \u0627\u0644\u0646\u0627\u0631\u064a\u0629 \u0648\u0627\u0644\u0631\u0627\u062c\u0644\u064a\u0646.\u0644\u0636\u0645\u0627\u0646 \u0633\u0644\u0627\u0645\u0629 \u0627\u0644\u062c\u0645\u064a\u0639 \u203c\ufe0f\u26a0\ufe0f\ud83c\udf9eLes images de l&rsquo;accident survenu ce mardi 3 septembre \u00e0 5H30 du matin, \u00e0 proximit\u00e9 de la Pr\u00e9fecture de Ain Seb\u00e2a. L&rsquo;automobiliste roulant \u00e0 grande vitesse et ne respectant pas les feux de circulation, est venu percuter un tramway de la ligne T2. \u26a0\ufe0fCasa Tramway rappelle l\u2019importance du respect du code de la route pour l\u2019ensemble des usagers, automobilistes, motocyclistes et pi\u00e9tons. Il est le garant de la s\u00e9curit\u00e9 de tous \u203c\ufe0f<\/p>\n<p>Publi\u00e9e par <a href=\"https:\/\/www.facebook.com\/casatram\/\">Casa Tramway<\/a> sur Mardi 3 septembre 2019<\/p><\/blockquote>\n<\/div>\n<\/div>\n<p>Le trafic a repris normalement vers 09H00, apr\u00e8s l\u2019intervention des \u00e9quipes de maintenance de la soci\u00e9t\u00e9 qui d\u00e9plore \u00ab\u00a0d\u2019importants\u00a0\u00bb d\u00e9g\u00e2ts mat\u00e9riels.<\/p>\n<p>RATP Dev Casablanca rappelle \u00ab\u00a0l\u2019importance du respect du code de la route pour l\u2019ensemble des usagers, pi\u00e9tons et automobilistes. Il est le garant de la s\u00e9curit\u00e9 de tous\u00a0\u00bb.<\/p>\n<div class=\"c17\">\n<fieldset class=\"c16\">\n<legend><strong><span class=\"c11\">Challenge<\/span><span class=\"c12\">news<\/span><\/strong><\/legend>\n<div class=\"c15\">Le meilleur de la r\u00e9daction s\u00e9lectionn\u00e9 par Challenge :<\/p>\n<\/div>\n<\/fieldset>\n<\/div>\n<p>Auteur: challenge<br \/>\n<a href=\"https:\/\/www.challenge.ma\/casablanca-pas-de-blesse-dans-un-accident-du-tramway-116456\/\">Cliquez ici pour lire l&rsquo;article depuis sa source.<\/a><\/p>\n","protected":false},"excerpt":{"rendered":"<p>Un automobiliste, \u00ab\u00a0roulant \u00e0 tr\u00e8s vive allure\u00a0\u00bb, a percut\u00e9, t\u00f4t ce matin \u00e0 Casablanca, une rame de tramway au niveau de la pr\u00e9fecture d\u2019A\u00efn Seba\u00e2, sans faire de victime, indique RATP Dev, en charge de l\u2019exploitation du r\u00e9seau de transport en commun en site propre dans la m\u00e9tropole.\u00a0 \u00ab\u00a0Un automobiliste, roulant \u00e0 tr\u00e8s vive allure, [&hellip;]<\/p>\n","protected":false},"author":1787,"featured_media":0,"comment_status":"closed","ping_status":"closed","sticky":false,"template":"","format":"standard","meta":{"fifu_image_url":"","fifu_image_alt":"","footnotes":""},"categories":[78,54],"tags":[],"class_list":["post-60124","post","type-post","status-publish","format-standard","hentry","category-economie","category-maroc"],"_links":{"self":[{"href":"https:\/\/linitiative.ca\/International\/wp-json\/wp\/v2\/posts\/60124","targetHints":{"allow":["GET"]}}],"collection":[{"href":"https:\/\/linitiative.ca\/International\/wp-json\/wp\/v2\/posts"}],"about":[{"href":"https:\/\/linitiative.ca\/International\/wp-json\/wp\/v2\/types\/post"}],"author":[{"embeddable":true,"href":"https:\/\/linitiative.ca\/International\/wp-json\/wp\/v2\/users\/1787"}],"replies":[{"embeddable":true,"href":"https:\/\/linitiative.ca\/International\/wp-json\/wp\/v2\/comments?post=60124"}],"version-history":[{"count":0,"href":"https:\/\/linitiative.ca\/International\/wp-json\/wp\/v2\/posts\/60124\/revisions"}],"wp:attachment":[{"href":"https:\/\/linitiative.ca\/International\/wp-json\/wp\/v2\/media?parent=60124"}],"wp:term":[{"taxonomy":"category","embeddable":true,"href":"https:\/\/linitiative.ca\/International\/wp-json\/wp\/v2\/categories?post=60124"},{"taxonomy":"post_tag","embeddable":true,"href":"https:\/\/linitiative.ca\/International\/wp-json\/wp\/v2\/tags?post=60124"}],"curies":[{"name":"wp","href":"https:\/\/api.w.org\/{rel}","templated":true}]}}