{"id":60125,"date":"2019-09-04T10:27:18","date_gmt":"2019-09-04T14:27:18","guid":{"rendered":"https:\/\/linitiative.ca\/International\/facebook-le-nombre-des-mentions-likes-ou-jaime-ne-sera-plus-affiche\/"},"modified":"2019-09-04T10:27:18","modified_gmt":"2019-09-04T14:27:18","slug":"facebook-le-nombre-des-mentions-likes-ou-jaime-ne-sera-plus-affiche","status":"publish","type":"post","link":"https:\/\/linitiative.ca\/International\/facebook-le-nombre-des-mentions-likes-ou-jaime-ne-sera-plus-affiche\/","title":{"rendered":"Facebook : Le nombre des mentions \u00ab\u00a0likes\u00a0\u00bb ou \u00ab\u00a0j\u2019aime\u00a0\u00bb ne sera plus affich\u00e9"},"content":{"rendered":"<p><strong>Facebook pourrait ne plus afficher publiquement le nombre de mentions \u00ab\u00a0likes\u00a0\u00bb ou \u00ab\u00a0j\u2019aime\u00a0\u00bb r\u00e9colt\u00e9s par les contenus, a confirm\u00e9 le r\u00e9seau social mardi.<\/strong><\/p>\n<div class=\"c10\"\/>\n<p>Dans cette hypoth\u00e8se, les utilisateurs cliqueraient toujours sur l\u2019embl\u00e9matique bouton \u00ab\u00a0<strong>j\u2019aime<\/strong>\u00a0\u00bb quand ils appr\u00e9cient une photo, un texte ou une vid\u00e9o publi\u00e9s sur le r\u00e9seau social, mais seul l\u2019auteur de la publication saurait combien de personnes ont mis un \u00ab\u00a0pouce en l\u2019air\u00a0\u00bb.<\/p>\n<p>\u00ab\u00a0Nous envisageons de cacher le d\u00e9compte des \u00ab\u00a0likes\u00a0\u00bb sur <strong>Facebook<\/strong>\u00a0\u00bb a d\u00e9clar\u00e9 un porte-parole du g\u00e9ant des r\u00e9seaux sociaux mardi \u00e0 l\u2019AFP. Cette modification majeure permettrait d\u2019all\u00e9ger quelque peu la pression sociale li\u00e9e au besoin de gagner l\u2019approbation de ses pairs, et de concentrer l\u2019attention sur le contenu en soi, plut\u00f4t que sa popularit\u00e9.<\/p>\n<p>Depuis juillet dernier, <strong>Instagram<\/strong>, autre plateforme d\u00e9tenue par la firme de Mark Zuckerberg,\u00a0teste une option similaire dans sept pays, dont l\u2019Australie, le Br\u00e9sil et l\u2019Italie. Pour certains utilisateurs, le nombre de \u00abj\u2019aime\u00bb n\u2019est plus visible sous chaque photo et vid\u00e9o, que ce soit dans le fil d\u2019actualit\u00e9, sur la version navigateur, ou directement sur les profils des utilisateurs.<\/p>\n<div class=\"wp-block-embed__wrapper\">\n<blockquote class=\"twitter-tweet\" data-width=\"550\" data-dnt=\"true\">\n<p lang=\"en\" dir=\"ltr\">We\u2019re currently running a test that hides the total number of likes and video views for some people in the following countries:<\/p>\n<p>\u2705 Australia<br \/>\u2705 Brazil<br \/>\u2705 Canada<br \/>\u2705 Ireland<br \/>\u2705 Italy<br \/>\u2705 Japan<br \/>\u2705 New Zealand <a href=\"https:\/\/t.co\/2OdzpIUBka\">pic.twitter.com\/2OdzpIUBka<\/a><\/p>\n<p>\u2014 Instagram (@instagram) <a href=\"https:\/\/twitter.com\/instagram\/status\/1151605657642029056?ref_src=twsrc%5Etfw\">July 17, 2019<\/a><\/p><\/blockquote>\n<\/div>\n<p>Le r\u00e9seau <strong>Twitter<\/strong> a aussi test\u00e9 cette m\u00e9thode, mais a constat\u00e9 que les utilisateurs s\u2019int\u00e9ressaient moins aux tweets quand il n\u2019y avait pas les statistiques de popularit\u00e9 en-dessous.<\/p>\n<p>\u00ab\u00a0Quand vous enlevez ces indicateurs, les gens s\u2019impliquent moins\u00a0\u00bb, a assur\u00e9 Kayvon Beykpour, directeur produit de Twitter, lors d\u2019une conf\u00e9rence de presse \u00e0 San Francisco en ao\u00fbt.<\/p>\n<p>Les <strong>r\u00e9seaux sociaux<\/strong> sont accus\u00e9s par des associations et des institutions d\u2019alimenter une \u00e9conomie de l\u2019attention qui valorise les contenus suscitant des \u00e9motions rapides (comme l\u2019attendrissement ou l\u2019indignation), au lieu de la r\u00e9flexion.<\/p>\n<div class=\"c17\">\n<fieldset class=\"c16\">\n<legend><strong><span class=\"c11\">Challenge<\/span><span class=\"c12\">news<\/span><\/strong><\/legend>\n<div class=\"c15\">Le meilleur de la r\u00e9daction s\u00e9lectionn\u00e9 par Challenge :<\/p>\n<\/div>\n<\/fieldset>\n<\/div>\n<p>Auteur: Hajar DARI<br \/>\n<a href=\"https:\/\/www.challenge.ma\/facebook-le-nombre-des-mentions-likes-ou-jaime-ne-sera-plus-affiche-116548\/\">Cliquez ici pour lire l&rsquo;article depuis sa source.<\/a><\/p>\n","protected":false},"excerpt":{"rendered":"<p>Facebook pourrait ne plus afficher publiquement le nombre de mentions \u00ab\u00a0likes\u00a0\u00bb ou \u00ab\u00a0j\u2019aime\u00a0\u00bb r\u00e9colt\u00e9s par les contenus, a confirm\u00e9 le r\u00e9seau social mardi. Dans cette hypoth\u00e8se, les utilisateurs cliqueraient toujours sur l\u2019embl\u00e9matique bouton \u00ab\u00a0j\u2019aime\u00a0\u00bb quand ils appr\u00e9cient une photo, un texte ou une vid\u00e9o publi\u00e9s sur le r\u00e9seau social, mais seul l\u2019auteur de la publication [&hellip;]<\/p>\n","protected":false},"author":1787,"featured_media":0,"comment_status":"closed","ping_status":"closed","sticky":false,"template":"","format":"standard","meta":{"fifu_image_url":"","fifu_image_alt":"","footnotes":""},"categories":[78,54],"tags":[],"class_list":["post-60125","post","type-post","status-publish","format-standard","hentry","category-economie","category-maroc"],"_links":{"self":[{"href":"https:\/\/linitiative.ca\/International\/wp-json\/wp\/v2\/posts\/60125","targetHints":{"allow":["GET"]}}],"collection":[{"href":"https:\/\/linitiative.ca\/International\/wp-json\/wp\/v2\/posts"}],"about":[{"href":"https:\/\/linitiative.ca\/International\/wp-json\/wp\/v2\/types\/post"}],"author":[{"embeddable":true,"href":"https:\/\/linitiative.ca\/International\/wp-json\/wp\/v2\/users\/1787"}],"replies":[{"embeddable":true,"href":"https:\/\/linitiative.ca\/International\/wp-json\/wp\/v2\/comments?post=60125"}],"version-history":[{"count":0,"href":"https:\/\/linitiative.ca\/International\/wp-json\/wp\/v2\/posts\/60125\/revisions"}],"wp:attachment":[{"href":"https:\/\/linitiative.ca\/International\/wp-json\/wp\/v2\/media?parent=60125"}],"wp:term":[{"taxonomy":"category","embeddable":true,"href":"https:\/\/linitiative.ca\/International\/wp-json\/wp\/v2\/categories?post=60125"},{"taxonomy":"post_tag","embeddable":true,"href":"https:\/\/linitiative.ca\/International\/wp-json\/wp\/v2\/tags?post=60125"}],"curies":[{"name":"wp","href":"https:\/\/api.w.org\/{rel}","templated":true}]}}