{"id":60140,"date":"2019-09-04T13:36:19","date_gmt":"2019-09-04T17:36:19","guid":{"rendered":"https:\/\/linitiative.ca\/International\/mali-un-laborieux-ddr\/"},"modified":"2019-09-04T13:36:19","modified_gmt":"2019-09-04T17:36:19","slug":"mali-un-laborieux-ddr","status":"publish","type":"post","link":"https:\/\/linitiative.ca\/International\/mali-un-laborieux-ddr\/","title":{"rendered":"Mali : un laborieux DDR"},"content":{"rendered":"<div class=\"td-post-featured-image\"><a href=\"https:\/\/i0.wp.com\/www.sidwaya.info\/wp-content\/uploads\/2019\/09\/autre-regard-1.jpg?fit=709%2C510&#038;ssl=1\" data-caption=\"\"><img loading=\"lazy\" decoding=\"async\" width=\"696\" height=\"501\" class=\"entry-thumb td-modal-image\" src=\"https:\/\/i0.wp.com\/www.sidwaya.info\/wp-content\/uploads\/2019\/09\/autre-regard-1.jpg?resize=696%2C501&#038;ssl=1\" srcset=\"https:\/\/i0.wp.com\/www.sidwaya.info\/wp-content\/uploads\/2019\/09\/autre-regard-1.jpg?w=709&#038;ssl=1 709w, https:\/\/i0.wp.com\/www.sidwaya.info\/wp-content\/uploads\/2019\/09\/autre-regard-1.jpg?resize=300%2C216&#038;ssl=1 300w, https:\/\/i0.wp.com\/www.sidwaya.info\/wp-content\/uploads\/2019\/09\/autre-regard-1.jpg?resize=696%2C501&#038;ssl=1 696w, https:\/\/i0.wp.com\/www.sidwaya.info\/wp-content\/uploads\/2019\/09\/autre-regard-1.jpg?resize=584%2C420&#038;ssl=1 584w\" sizes=\"auto, (max-width: 696px) 100vw, 696px\" alt=\"\" title=\"autre regard\"\/><\/a><\/div>\n<p>Le processus D\u00e9sarmement-d\u00e9mobilisation-r\u00e9insertion (DDR) au Mali est entr\u00e9 dans sa phase op\u00e9rationnelle. En effet, un premier groupe de plus de 1 000 anciens rebelles a rejoint les rangs des Forces arm\u00e9es maliennes (FAMA), apr\u00e8s trois mois de formation dans la r\u00e9gion de S\u00e9gou. Avec cette premi\u00e8re \u00ab promotion \u00bb, le processus pr\u00e9vu par l\u2019accord de paix d\u2019Alger, sign\u00e9 en 2015, est officiellement sur les rails.<\/p>\n<p>En somme, 74 000 ex-combattants arm\u00e9s ont \u00e9t\u00e9 enregistr\u00e9s dans le cadre du DDR, selon des chiffres officiels. Parmi eux, 4 000 hommes vont int\u00e9grer les rangs des forces arm\u00e9es, 2 300 environ dans les services paramilitaires (police, douane et autres) et le reste, dans la police territoriale (police municipale). Les 1000 premiers hommes qui viennent de rejoindre les FAMA sont issus des groupes signataires de l\u2019accord d\u2019Alger, tels que la Coordination des mouvements de l\u2019Azawad (CMA), la Plateforme, mais aussi des groupes dissidents tels que le MSA, avec une soixantaine qui s\u2019est rev\u00eatue de grade d\u2019officiers et les autres \u00e0 des \u00e9chelons inf\u00e9rieurs. Le d\u00e9marrage de ce processus, qui a mis du temps \u00e0 se concr\u00e9ti-ser, est un premier pas \u00e0 saluer, car il a fallu une volont\u00e9 politique des gouvernants et surtout des groupes arm\u00e9s.<\/p>\n<p>La paix au Mali, et partout ailleurs, passe par des concessions. Il reste maintenant l\u2019\u00e9pineuse question de la r\u00e9insertion socio\u00e9conomique de tous ceux qui ne sont pas \u00e9ligibles \u00e0 cette int\u00e9gration dans l\u2019arm\u00e9e et dans les forces paramilitaires.<br \/>Cette r\u00e9insertion socio\u00e9conomique, qui ne manquera pas de rencontrer des<br \/>\u00ab poches de r\u00e9sistance \u00bb, risque d\u2019\u00eatre plus longue, car plus complexe, en raison des questions li\u00e9es aux financements. La conception de projets, l\u2019\u00e9tude de leur faisabilit\u00e9, la recherche de financement\u2026 prendront un long et p\u00e9rilleux chemin. Si l\u2019on sait que la r\u00e9insertion dans l\u2019arm\u00e9e est pr\u00e9vue pour prendre fin en 2020 et celle socio\u00e9conomique con\u00e7ue sur deux \u00e0 trois ans, il faudra tenir compte des sautes d\u2019humeur qui pourront na\u00eetre chez les porteurs de projets impatients et insatisfaits quant aux montants qui leur seront servis pendant que leurs \u00ab fr\u00e8res d\u2019arme \u00bb, d\u00e9j\u00e0 int\u00e9gr\u00e9s dans les FAMA, se la coulent douce.<\/p>\n<p>Comme du lait sur le feu, les autorit\u00e9s maliennes et la communaut\u00e9 nationale et internationale doivent surveiller ce processus de DDR et surtout l\u2019accompagner, pour \u00e9viter \u00e0 ce pays de retomber dans les travers de la violente crise qui l\u2019a d\u00e9vast\u00e9. Jusque-l\u00e0, les efforts conjugu\u00e9s des diff\u00e9rentes parties ont permis d\u2019\u00e9viter un retour<br \/>\u00ab grave \u00bb \u00e0 la case de d\u00e9part et les conditions doivent \u00eatre r\u00e9unies pour maintenir la dynamique.<\/p>\n<p>Ce processus, s\u2019il venait \u00e0 aboutir, permettra de taire d\u00e9finitivement les armes des groupes \u00ab s\u00e9cessionnistes \u00bb, pour faire plus sereinement face au terrorisme et aux affrontements intercommunautaires qui continuent de d\u00e9cimer des dizaines de populations, plus pr\u00e9cis\u00e9ment au Centre du pays.<br \/>Au-del\u00e0 du Mali, le retour \u00e0 la normale avec les groupes arm\u00e9s profitera \u00e0 toute la bande sah\u00e9lo saharienne, parce que la multiplication des crises, dans ce \u00ab pays-rempart \u00bb aux effets pervers de la crise libyenne, a des cons\u00e9quences incalculables sur le reste de la zone.<br \/>Quoique laborieux, le fragile processus DDR au Mali apparait comme un ouf de soulagement pour le pays et ses voisins. Il ne reste qu\u2019\u00e0 le soutenir pour qu\u2019\u00e0 terme, le pays puisse entamer ses vastes chantiers de d\u00e9veloppement, au sens propre comme au figur\u00e9, compte tenu du retard qu\u2019a pris le pays et de l\u2019\u00e9tendue de son territoire.<\/p>\n<p class=\"c1\"><strong>Jean-Marie TOE<\/strong><\/p>\n<div class=\"td-a-rec td-a-rec-id-content_bottom td_uid_30_5d70305c33244_rand td_block_template_1\"><img loading=\"lazy\" decoding=\"async\" class=\"aligncenter size-full wp-image-9623\" src=\"https:\/\/www.sidwaya.info\/wp-content\/uploads\/2019\/06\/Projet-bannie%CC%80re-Orange-mobile.jpg\" alt=\"\" width=\"728\" height=\"81\"\/><\/div>\n<p>Auteur: DD. Sidwaya<br \/>\n<a href=\"https:\/\/www.sidwaya.info\/blog\/2019\/09\/04\/mali-un-laborieux-ddr\/\">Cliquez ici pour lire l&rsquo;article depuis sa source.<\/a><\/p>\n","protected":false},"excerpt":{"rendered":"<p>Le processus D\u00e9sarmement-d\u00e9mobilisation-r\u00e9insertion (DDR) au Mali est entr\u00e9 dans sa phase op\u00e9rationnelle. En effet, un premier groupe de plus de 1 000 anciens rebelles a rejoint les rangs des Forces arm\u00e9es maliennes (FAMA), apr\u00e8s trois mois de formation dans la r\u00e9gion de S\u00e9gou. Avec cette premi\u00e8re \u00ab promotion \u00bb, le processus pr\u00e9vu par l\u2019accord de [&hellip;]<\/p>\n","protected":false},"author":1816,"featured_media":0,"comment_status":"closed","ping_status":"closed","sticky":false,"template":"","format":"standard","meta":{"fifu_image_url":"","fifu_image_alt":"","footnotes":""},"categories":[73,81],"tags":[],"class_list":["post-60140","post","type-post","status-publish","format-standard","hentry","category-actualite","category-burkina-faso"],"_links":{"self":[{"href":"https:\/\/linitiative.ca\/International\/wp-json\/wp\/v2\/posts\/60140","targetHints":{"allow":["GET"]}}],"collection":[{"href":"https:\/\/linitiative.ca\/International\/wp-json\/wp\/v2\/posts"}],"about":[{"href":"https:\/\/linitiative.ca\/International\/wp-json\/wp\/v2\/types\/post"}],"author":[{"embeddable":true,"href":"https:\/\/linitiative.ca\/International\/wp-json\/wp\/v2\/users\/1816"}],"replies":[{"embeddable":true,"href":"https:\/\/linitiative.ca\/International\/wp-json\/wp\/v2\/comments?post=60140"}],"version-history":[{"count":0,"href":"https:\/\/linitiative.ca\/International\/wp-json\/wp\/v2\/posts\/60140\/revisions"}],"wp:attachment":[{"href":"https:\/\/linitiative.ca\/International\/wp-json\/wp\/v2\/media?parent=60140"}],"wp:term":[{"taxonomy":"category","embeddable":true,"href":"https:\/\/linitiative.ca\/International\/wp-json\/wp\/v2\/categories?post=60140"},{"taxonomy":"post_tag","embeddable":true,"href":"https:\/\/linitiative.ca\/International\/wp-json\/wp\/v2\/tags?post=60140"}],"curies":[{"name":"wp","href":"https:\/\/api.w.org\/{rel}","templated":true}]}}