{"id":60141,"date":"2019-09-04T13:39:34","date_gmt":"2019-09-04T17:39:34","guid":{"rendered":"https:\/\/linitiative.ca\/International\/marathon-ouagadougou-laye-la-relance-sous-une-nouvelle-denomination\/"},"modified":"2019-09-04T13:39:34","modified_gmt":"2019-09-04T17:39:34","slug":"marathon-ouagadougou-laye-la-relance-sous-une-nouvelle-denomination","status":"publish","type":"post","link":"https:\/\/linitiative.ca\/International\/marathon-ouagadougou-laye-la-relance-sous-une-nouvelle-denomination\/","title":{"rendered":"Marathon Ouagadougou-Laye : la relance sous une nouvelle  d\u00e9nomination"},"content":{"rendered":"<div>\n<p><strong>Le marathon Ouagadougou-Laye reprend du service apr\u00e8s cinq ans d\u2019interruption, gr\u00e2ce \u00e0 une convention sign\u00e9e, le mercredi 4 septembre 2019, \u00e0 Ouagadougou, entre le quotidien l\u2019Observateur Paalga et la commune de Ouagadougou.<\/strong><\/p>\n<p>Pour sa renaissance, le marathon Ouagadougou-Laye change de d\u00e9nomination et devient d\u00e9sormais \u00abMarathon Paalga du Grand Ouaga\u00bb. Il sera coorganis\u00e9 par la commune de Ouagadougou et le journal l\u2019Observateur Paalga, et aura lieu le 7 d\u00e9cembre 2019. Cette nouvelle appellation porte une grande vision, selon le maire Armand Pierre B\u00e9ouind\u00e9, qui souhaite qu\u2019\u00e0 l\u2019image de \u00ab l\u2019Obs \u00bb, le marathon qui renait de ses cendres puisse porter haut le rayonnement sportif de la capitale. \u00abAujourd\u2019hui, Ouagadougou commence \u00e0 avoir des proportions qui se suffisent \u00e0 elles-m\u00eames pour organiser un tel marathon.<\/p>\n<p>Cette nouvelle d\u00e9nomination est un signal fort du vivre-ensemble et du dialogue que nous voulons instaurer avec les communes environnantes de la ville de Ouagadougou, et ce dialogue que nous voulons va pr\u00e9figurer la future m\u00e9tropole du Grand Ouaga \u00bb, a-t-il pr\u00e9cis\u00e9. Le directeur de publication de l\u2019Observateur Paalga, Edouard Ou\u00e9draogo, a rappel\u00e9 que l\u2019objectif depuis le d\u00e9part \u00e9tait de doter Ouagadougou d\u2019une autre vitrine \u00e0 l\u2019image d\u2019autres \u00e9v\u00e9nements socio-culturels d\u2019envergure. \u00abEt pour r\u00e9ussir cela nous nous sommes rendus compte qu\u2019il nous fallait un soutien institutionnel, d\u2019o\u00f9 ce partenariat avec la mairie\u00bb, a expliqu\u00e9 Edouard Ou\u00e9draogo. Le comit\u00e9 d\u2019organisation a \u00e9t\u00e9 install\u00e9 par la m\u00eame occasion. Il est fort d\u2019une quarantaine de membres et est dirig\u00e9 par Ousseini Ilboudo de l\u2019Observateur Paalga comme pr\u00e9sident et Moustapha Semd\u00e9 de la commune de Ouagadougou, vice-pr\u00e9sident.<\/p>\n<p style=\"text-align: right\"><strong>Voro KORAHIRE<\/strong><\/p>\n<p>L\u2019article <a rel=\"nofollow\" href=\"https:\/\/www.sidwaya.info\/blog\/2019\/09\/04\/marathon-ouagadougou-laye-la-relance-sous-une-nouvelle-denomination\/\">Marathon Ouagadougou-Laye : la relance sous une nouvelle  d\u00e9nomination<\/a> est apparu en premier sur <a rel=\"nofollow\" href=\"https:\/\/www.sidwaya.info\/\">Quotidien Sidwaya<\/a>.<\/p>\n<\/div>\n<p>Auteur: DD. Sidwaya<br \/>\n<a href=\"https:\/\/www.sidwaya.info\/blog\/2019\/09\/04\/marathon-ouagadougou-laye-la-relance-sous-une-nouvelle-denomination\/\">Cliquez ici pour lire l&rsquo;article depuis sa source.<\/a><\/p>\n","protected":false},"excerpt":{"rendered":"<p>Le marathon Ouagadougou-Laye reprend du service apr\u00e8s cinq ans d\u2019interruption, gr\u00e2ce \u00e0 une convention sign\u00e9e, le mercredi 4 septembre 2019, \u00e0 Ouagadougou, entre le quotidien l\u2019Observateur Paalga et la commune de Ouagadougou. Pour sa renaissance, le marathon Ouagadougou-Laye change de d\u00e9nomination et devient d\u00e9sormais \u00abMarathon Paalga du Grand Ouaga\u00bb. Il sera coorganis\u00e9 par la commune [&hellip;]<\/p>\n","protected":false},"author":1816,"featured_media":0,"comment_status":"closed","ping_status":"closed","sticky":false,"template":"","format":"standard","meta":{"fifu_image_url":"","fifu_image_alt":"","footnotes":""},"categories":[73,81],"tags":[],"class_list":["post-60141","post","type-post","status-publish","format-standard","hentry","category-actualite","category-burkina-faso"],"_links":{"self":[{"href":"https:\/\/linitiative.ca\/International\/wp-json\/wp\/v2\/posts\/60141","targetHints":{"allow":["GET"]}}],"collection":[{"href":"https:\/\/linitiative.ca\/International\/wp-json\/wp\/v2\/posts"}],"about":[{"href":"https:\/\/linitiative.ca\/International\/wp-json\/wp\/v2\/types\/post"}],"author":[{"embeddable":true,"href":"https:\/\/linitiative.ca\/International\/wp-json\/wp\/v2\/users\/1816"}],"replies":[{"embeddable":true,"href":"https:\/\/linitiative.ca\/International\/wp-json\/wp\/v2\/comments?post=60141"}],"version-history":[{"count":0,"href":"https:\/\/linitiative.ca\/International\/wp-json\/wp\/v2\/posts\/60141\/revisions"}],"wp:attachment":[{"href":"https:\/\/linitiative.ca\/International\/wp-json\/wp\/v2\/media?parent=60141"}],"wp:term":[{"taxonomy":"category","embeddable":true,"href":"https:\/\/linitiative.ca\/International\/wp-json\/wp\/v2\/categories?post=60141"},{"taxonomy":"post_tag","embeddable":true,"href":"https:\/\/linitiative.ca\/International\/wp-json\/wp\/v2\/tags?post=60141"}],"curies":[{"name":"wp","href":"https:\/\/api.w.org\/{rel}","templated":true}]}}