{"id":60148,"date":"2019-09-04T17:50:05","date_gmt":"2019-09-04T21:50:05","guid":{"rendered":"https:\/\/linitiative.ca\/International\/le-nigeria-en-tete-des-reactions-contre-les-violences-xenophobes-en-afrique-du-sud\/"},"modified":"2019-09-04T17:50:05","modified_gmt":"2019-09-04T21:50:05","slug":"le-nigeria-en-tete-des-reactions-contre-les-violences-xenophobes-en-afrique-du-sud","status":"publish","type":"post","link":"https:\/\/linitiative.ca\/International\/le-nigeria-en-tete-des-reactions-contre-les-violences-xenophobes-en-afrique-du-sud\/","title":{"rendered":"Le Nigeria en t\u00eate des r\u00e9actions contre les violences x\u00e9nophobes en Afrique du Sud"},"content":{"rendered":"<div readability=\"32\">\n<p>Publi\u00e9 le 04.09.2019 \u00e0 22h50 par AFP<\/p>\n<\/div>\n<div readability=\"153\">\n<p>Le Nigeria a hauss\u00e9 le ton mercredi en r\u00e9ponse \u00e0 la nouvelle vague de violences x\u00e9nophobes qui a eu lieu en Afrique du Sud cette semaine: face \u00e0 son grand rival, le pays le plus peupl\u00e9 d\u2019Afrique cherche \u00e0 asseoir son leadership sur le continent.<\/p>\n<p>Le gouvernement nig\u00e9rian avait annonc\u00e9 d\u00e8s lundi vouloir prendre des \u00ab\u00a0mesures d\u00e9cisives\u00a0\u00bb contre l\u2019Afrique du Sud, o\u00f9 des attaques et des pillages de commerces, plus ou moins vis\u00e9s contre les \u00e9trangers se sont propag\u00e9es comme une tra\u00een\u00e9e de poudre aux quatre coins du pays et ont fait 7 morts depuis le d\u00e9but de semaine.<\/p>\n<p>Bien que l\u2019on ne connaisse pas la nationalit\u00e9 des victimes, le pr\u00e9sident Muhammadu Buhari a aussit\u00f4t exprim\u00e9 \u00ab\u00a0son m\u00e9contentement du traitement inflig\u00e9 \u00e0 ses concitoyens\u00a0\u00bb et a assur\u00e9 vouloir \u00ab\u00a0garantir leur s\u00e9curit\u00e9\u00a0\u00bb.<\/p>\n<p>L\u2019Afrique du Sud est le th\u00e9\u00e2tre r\u00e9gulier de violences x\u00e9nophobes, qui ont d\u00e9j\u00e0 fait 7 morts en 2015, et 62 morts en 2008.<\/p>\n<p>Ces derniers jours, les Nig\u00e9rians n\u2019apparaissaient pas plus vis\u00e9s que les nombreux autres immigr\u00e9s (Somaliens, Zimbabw\u00e9ens, Mozambicains, Bangladais, Malawites,\u2026) mais les deux pays, qui rivalisent depuis des ann\u00e9es pour \u00eatre reconnus \u00ab\u00a0premi\u00e8re \u00e9conomie du continent\u00a0\u00bb, s\u2019affrontent r\u00e9guli\u00e8rement sur la sc\u00e8ne diplomatique, dans la rue ou sur la Toile.<\/p>\n<p>Mercredi, les journaux locaux titraient en une sur la \u00ab\u00a0col\u00e8re apr\u00e8s la mort des Nig\u00e9rians en Afrique du Sud\u00a0\u00bb et les images des townships en feu tournaient en boucle sur les t\u00e9l\u00e9visions nig\u00e9rianes.<\/p>\n<p>Mercredi, le g\u00e9ant ouest-africain, d\u2019un march\u00e9 de 190 millions d\u2019habitants et qui exporte 2 millions de barils de p\u00e9trole par jour, a annonc\u00e9 qu\u2019il boycottait le Forum \u00c9conomique Mondial qui s\u2019est ouvert mercredi au Cap.<\/p>\n<p>\u2013 Boycottage contre-productif \u2013<\/p>\n<p>Mais les plus grands ambassadeurs du Nigeria sont sans aucun doute ses chanteurs, stars intercontinentales aux dizaines de millions d\u2019abonn\u00e9s Instagram ou Twitter.<\/p>\n<p>Burna Boy a assur\u00e9 avoir \u00e9t\u00e9 victime de racisme antinig\u00e9rian en Afrique du Sud en 2017 et de ne plus y avoir mis un pied depuis.<\/p>\n<p>\u00ab\u00a0Je ne retournerai plus jamais en Afrique du Sud, jusqu\u2019\u00e0 ce que le gouvernement sud-africain se r\u00e9veille\u00a0\u00bb, a d\u00e9clar\u00e9 la star du moment sur le continent et au sein de la diaspora.<\/p>\n<p>Sa compatriote, Tiwa Savage (8 millions d\u2019abonn\u00e9s sur Instagram) a, elle, annul\u00e9 l\u2019un de ses prochains concerts \u00e0 Johannesburg: \u00ab\u00a0Je refuse de voir mon peuple massacr\u00e9 en Afrique du Sud\u00a0\u00bb.<\/p>\n<p>Des centaines de milliers d\u2019internautes ont appel\u00e9 au boycottage des grandes marques sud-africaines, et des \u00e9chauffour\u00e9es ont \u00e9clat\u00e9 devant les enseignes des supermarch\u00e9s Shoprite, obligeant \u00e0 un renforcement de la s\u00e9curit\u00e9 dans le pays.<\/p>\n<p>Le g\u00e9ant sud-africain des t\u00e9l\u00e9coms MTN a annonc\u00e9 avoir ferm\u00e9 temporairement ses agences \u00e0 travers le pays, apr\u00e8s que des magasins ont \u00e9t\u00e9 attaqu\u00e9s \u00e0 Lagos, Ibadan (sud-ouest) et Uyo (sud-est).<\/p>\n<p>\u00ab\u00a0Les appels au boycottage sont totalement contre-productifs\u00a0\u00bb, analyse pourtant Nonso Obikili, \u00e9conomiste nig\u00e9rian bas\u00e9 \u00e0 Abuja. \u00ab\u00a0Les soci\u00e9t\u00e9s sud-africaines qui sont implant\u00e9es ici emploient des Nig\u00e9rians, proposent leurs services ici, donc les boycotter serait autant dommageable pour nous que pour eux.\u00a0\u00bb<\/p>\n<p>Toutefois, cet appel a \u00e9t\u00e9 largement repris sur la Toile \u00e0 travers le continent, o\u00f9 l\u2019influence des soci\u00e9t\u00e9s sud-africaines reste tr\u00e8s importante.<\/p>\n<p>\u2013 Mod\u00e9ration \u2013<\/p>\n<p>En Afrique subsaharienne, la rancoeur \u00e0 l\u2019encontre des Sud-Africains n\u2019a toutefois pas tourn\u00e9 au conflit diplomatique et de nombreux gouvernements ont certes d\u00e9nonc\u00e9 les violences, mais sont rest\u00e9s beaucoup plus mesur\u00e9s.<\/p>\n<p>La ministre des Affaires \u00e9trang\u00e8res au Kenya a regrett\u00e9 les actes x\u00e9nophobes, mais a aussit\u00f4t \u00ab\u00a0salu\u00e9 la condamnation de ces attaques par le gouvernement sud-africain\u00a0\u00bb.<\/p>\n<p>La conseill\u00e8re du pr\u00e9sident rwandais a r\u00e9fut\u00e9 les all\u00e9gations selon lesquelles Paul Kagame avait \u00e9galement boycott\u00e9 le Forum Economique Mondial du Cap, assurant sur son compte Twitter que \u00ab\u00a0le pr\u00e9sident n\u2019avait pas pu s\u2019y rendre pour d\u2019autres raisons\u00a0\u00bb et que \u00ab\u00a0la d\u00e9l\u00e9gation rwandaise \u00e9tait tr\u00e8s importante\u00a0\u00bb.<\/p>\n<p>Le ministre congolais de la Diaspora, Emmanuel Ilunga, assure que son ambassadeur \u00ab\u00a0est en contact permanent avec la police sud-africaine (\u2026) pour prot\u00e9ger ses compatriotes\u00a0\u00bb.<\/p>\n<p>\u00ab\u00a0Il n\u2019y aucun Congolais victime de ces actes en Afrique du Sud jusque l\u00e0\u00a0\u00bb, a-t-il pr\u00e9cis\u00e9. \u00ab\u00a0Il n\u2019y a donc aucune raison d\u2019aller manifester devant l\u2019ambassade d\u2019Afrique du Sud\u00a0\u00bb, a ass\u00e9n\u00e9 le ministre r\u00e9pondant \u00e0 un appel \u00e0 la fermeture de l\u2019ambassade \u00e0 Kinshasa lanc\u00e9 sur les r\u00e9seaux sociaux.<\/p>\n<\/div>\n<p>Auteur: AFP<br \/>\n<a href=\"https:\/\/www.journalducameroun.com\/le-nigeria-en-tete-des-reactions-contre-les-violences-xenophobes-en-afrique-du-sud\/\">Cliquez ici pour lire l&rsquo;article depuis sa source.<\/a><\/p>\n","protected":false},"excerpt":{"rendered":"<p>Publi\u00e9 le 04.09.2019 \u00e0 22h50 par AFP Le Nigeria a hauss\u00e9 le ton mercredi en r\u00e9ponse \u00e0 la nouvelle vague de violences x\u00e9nophobes qui a eu lieu en Afrique du Sud cette semaine: face \u00e0 son grand rival, le pays le plus peupl\u00e9 d\u2019Afrique cherche \u00e0 asseoir son leadership sur le continent. Le gouvernement nig\u00e9rian [&hellip;]<\/p>\n","protected":false},"author":1965,"featured_media":0,"comment_status":"closed","ping_status":"closed","sticky":false,"template":"","format":"standard","meta":{"fifu_image_url":"","fifu_image_alt":"","footnotes":""},"categories":[73,82],"tags":[],"class_list":["post-60148","post","type-post","status-publish","format-standard","hentry","category-actualite","category-cameroun"],"_links":{"self":[{"href":"https:\/\/linitiative.ca\/International\/wp-json\/wp\/v2\/posts\/60148","targetHints":{"allow":["GET"]}}],"collection":[{"href":"https:\/\/linitiative.ca\/International\/wp-json\/wp\/v2\/posts"}],"about":[{"href":"https:\/\/linitiative.ca\/International\/wp-json\/wp\/v2\/types\/post"}],"author":[{"embeddable":true,"href":"https:\/\/linitiative.ca\/International\/wp-json\/wp\/v2\/users\/1965"}],"replies":[{"embeddable":true,"href":"https:\/\/linitiative.ca\/International\/wp-json\/wp\/v2\/comments?post=60148"}],"version-history":[{"count":0,"href":"https:\/\/linitiative.ca\/International\/wp-json\/wp\/v2\/posts\/60148\/revisions"}],"wp:attachment":[{"href":"https:\/\/linitiative.ca\/International\/wp-json\/wp\/v2\/media?parent=60148"}],"wp:term":[{"taxonomy":"category","embeddable":true,"href":"https:\/\/linitiative.ca\/International\/wp-json\/wp\/v2\/categories?post=60148"},{"taxonomy":"post_tag","embeddable":true,"href":"https:\/\/linitiative.ca\/International\/wp-json\/wp\/v2\/tags?post=60148"}],"curies":[{"name":"wp","href":"https:\/\/api.w.org\/{rel}","templated":true}]}}