{"id":60151,"date":"2019-09-04T11:40:23","date_gmt":"2019-09-04T15:40:23","guid":{"rendered":"https:\/\/linitiative.ca\/International\/football-pourquoi-la-fecafoot-a-suspendu-la-lfpc-et-annule-ses-subventions\/"},"modified":"2019-09-04T11:40:23","modified_gmt":"2019-09-04T15:40:23","slug":"football-pourquoi-la-fecafoot-a-suspendu-la-lfpc-et-annule-ses-subventions","status":"publish","type":"post","link":"https:\/\/linitiative.ca\/International\/football-pourquoi-la-fecafoot-a-suspendu-la-lfpc-et-annule-ses-subventions\/","title":{"rendered":"Football : pourquoi la F\u00e9cafoot a suspendu la LFPC et annul\u00e9 ses subventions"},"content":{"rendered":"<p><strong>Seidou Mbombo Njoya,<\/strong> pr\u00e9sident de la F\u00e9d\u00e9ration camerounaise de football (Fecafoot) a d\u00e9cid\u00e9 de suspendre les activit\u00e9s de la Ligue de football professionnel du Cameroun (LFPC). Une \u00ab\u00a0pilule\u00a0\u00bb que <strong>Pierre Semengue<\/strong> avale mal, puisqu\u2019il promet de d\u00e9fendre son mandat jusqu\u2019au bout.<\/p>\n<p>Pour \u00e9clairer l\u2019opinion sur cette d\u00e9cision, le pr\u00e9sident de la <strong>Fecafoot<\/strong> s\u2019est prononc\u00e9 sur les raisons ayant conduit \u00e0 sa d\u00e9cision ainsi que celles ayant men\u00e9 \u00e0 la mise en place d\u2019un Comit\u00e9 technique transitoire de gestion de la LFPC. En \u00e0 croire Mbombo Njoya, il fallait sauver le football professionnel d\u2019un d\u00e9clin perceptible par les contreperformances des clubs camerounais en comp\u00e9titions internationales. En effet, a-t-il dit, l\u2019intervention de la Fecafoot \u00e9tait devenue in\u00e9luctable au regard des dysfonctionnements et tensions en cours au sein de LFPC. A cet effet il \u00e9num\u00e9r\u00e9 un certain nombre de griefs qui plombent la ligue.\u00a0 Notamment, une crise de confiance profonde entre la LFPC et la majorit\u00e9 des clubs professionnels ; le non-respect r\u00e9current des dispositions statutaires de la ligue li\u00e9es au mauvais fonctionnement des organes \u00e0 l\u2019instar de la non-tenue des Assembl\u00e9es g\u00e9n\u00e9rales de m\u00eame que l\u2019inexistence des r\u00e8gles de proc\u00e9dures budg\u00e9taires et financi\u00e8res. Il y\u2019a \u00e9galement, l\u2019inexistence d\u2019un organigramme et d\u2019un plan coh\u00e9rent de gestion des ressources humaines favorisant des pratiques peu orthodoxes ; la remise en cause r\u00e9p\u00e9t\u00e9e de la tutelle de la F\u00e9d\u00e9ration et de ses pr\u00e9rogatives.<\/p>\n<p>On observe en plus l\u2019opacit\u00e9 dans la gestion des subventions allou\u00e9es par l\u2019Etat et la Fecafoot marqu\u00e9e par l\u2019inexistence des comptes d\u2019emploi ; l\u2019incapacit\u00e9 \u00e0 g\u00e9n\u00e9rer des ressources propres ; le d\u00e9part de tous les sponsors et partenaires l\u00e9gu\u00e9s par la f\u00e9d\u00e9ration (MTN,Camrail) . Surtout le manque d\u2019int\u00e9r\u00eat des TV capables d\u2019acqu\u00e9rir des droits ; une dette locative inexplicable de 04 ans d\u2019arri\u00e9r\u00e9s de loyer , a expliqu\u00e9 le pr\u00e9sident de la Fecafoot.<\/p>\n<p><strong>la LFPC, fille de la Fecafoot<\/strong><\/p>\n<p>Il convient de rappeler que la LFPC a \u00e9t\u00e9 cr\u00e9\u00e9e par la Fecafoot au cours de son Assembl\u00e9e g\u00e9n\u00e9rale ordinaire tenue le 28 mai 2011. C\u2019est la fille de la Fecafoot. A sa cr\u00e9ation, la Ligue de Football Professionnel du Cameroun s\u2019engageait \u00ab <em>\u00e0 se soumettre enti\u00e8rement aux obligations d\u00e9coulant de ses statuts, des Statuts de la Fecafoot et autres r\u00e8glements de la Fifa, de la Caf et de la F\u00e9cafoot<\/em> \u00bb. Elle n\u2019a pas tenu parole, elle n\u2019a pas respect\u00e9 ses textes et ceux de sa tutelle, la Fecafoot. Elle n\u2019a pas respect\u00e9 la loi du 11 juillet 2018 portant organisation et promotion des activit\u00e9s physiques et sportives au Cameroun. Pourtant, explique-t-on, la F\u00e9d\u00e9ration a tenu ses engagements en termes de subventions vers\u00e9es chaque ann\u00e9e \u00e0 la LFPC. Seulement pour l\u2019ann\u00e9e 2018\/2019, ce montant s\u2019\u00e9l\u00e8ve \u00e0 environ <strong>250 millions de FCFA<\/strong>. Depuis la cr\u00e9ation de la LFPC en 2011, la F\u00e9cafoot dit d\u00e9j\u00e0 avoir vers\u00e9 plus de <strong>2 milliards de FCFA<\/strong>.<\/p>\n<p><strong>L\u2019artillerie du General<\/strong><\/p>\n<p>En r\u00e9action, <strong>Pierre Semengue<\/strong> a fait savoir qu\u2019il reste pr\u00e9sident l\u00e9gitime de la LFPC jusqu\u2019au 27 juillet 2020, d\u00e9truire ce mandat \u00e9quivaut \u00e0 un coup d\u2019Etat. Il a promis de d\u00e9fendre son mandat par \u00ab <em>tous les moyens<\/em> \u00bb. Selon lui, l\u2019intention de la F\u00e9cafoot est d\u2019annexer la LFPC et de s\u2019approprier les fruits du travail effectu\u00e9 par lui. Notamment, \u00ab <em>la signature de nombreux contrats avec des partenaires nationaux et internationaux<\/em> \u00bb. L\u2019homme qui a dirig\u00e9 l\u2019arm\u00e9e camerounaise pendant plus d\u2019un demi-si\u00e8cle refuse qu\u2019on lui impute quelque d\u00e9tournement que ce soit et, il a d\u00e9cid\u00e9 de prendre des mesures afin de r\u00e9tablir son honneur : \u00ab <em>Pendant 50 ans, j\u2019ai conduit l\u2019arm\u00e9e camerounaise mais cependant, je suis le militaire le plus pauvre pour n\u2019avoir rien vol\u00e9<\/em> \u00bb. Concernant, la nomination d\u2019Alim Konate Aboubacar en qualit\u00e9 de pr\u00e9sident du Comit\u00e9 technique transitoire de la LFPC, le General Semengue de 84 ans a tenue \u00e0 indiquer que ce \u00ab <em>dernier va attendre la fin de son mandat, au soir du 27 Juillet 2020, en esp\u00e9rant qu\u2019entre temps, de nouvelles dispositions n\u2019aient \u00e9t\u00e9 prises au niveau du Tribunal Criminel Sp\u00e9cial<\/em> \u00bb.<\/p>\n<div class=\"about-author about-author-box container-wrapper\">\n<div class=\"author-avatar\">\n<p><img decoding=\"async\" src=\"http:\/\/\" alt=\"\"\/><\/p>\n<\/div>\n<p><h4>La R\u00e9daction EcoMatin<\/h4>\n<\/p>\n<\/div>\n<div class=\"awac-wrapper awac widget blog_subscription-2\">\n<h4 class=\"widget-title\">Abonnez-vous \u00e0 notre lettre d&rsquo;information<\/h4>\n<\/div>\n<p>Auteur: EcoMatin<br \/>\n<a href=\"https:\/\/ecomatin.net\/football-pourquoi-la-fecafoot-a-suspendu-la-lfpc-et-annule-ses-subventions\/\">Cliquez ici pour lire l&rsquo;article depuis sa source.<\/a><\/p>\n","protected":false},"excerpt":{"rendered":"<p>Seidou Mbombo Njoya, pr\u00e9sident de la F\u00e9d\u00e9ration camerounaise de football (Fecafoot) a d\u00e9cid\u00e9 de suspendre les activit\u00e9s de la Ligue de football professionnel du Cameroun (LFPC). Une \u00ab\u00a0pilule\u00a0\u00bb que Pierre Semengue avale mal, puisqu\u2019il promet de d\u00e9fendre son mandat jusqu\u2019au bout. Pour \u00e9clairer l\u2019opinion sur cette d\u00e9cision, le pr\u00e9sident de la Fecafoot s\u2019est prononc\u00e9 sur [&hellip;]<\/p>\n","protected":false},"author":1969,"featured_media":0,"comment_status":"closed","ping_status":"closed","sticky":false,"template":"","format":"standard","meta":{"fifu_image_url":"","fifu_image_alt":"","footnotes":""},"categories":[82,78],"tags":[],"class_list":["post-60151","post","type-post","status-publish","format-standard","hentry","category-cameroun","category-economie"],"_links":{"self":[{"href":"https:\/\/linitiative.ca\/International\/wp-json\/wp\/v2\/posts\/60151","targetHints":{"allow":["GET"]}}],"collection":[{"href":"https:\/\/linitiative.ca\/International\/wp-json\/wp\/v2\/posts"}],"about":[{"href":"https:\/\/linitiative.ca\/International\/wp-json\/wp\/v2\/types\/post"}],"author":[{"embeddable":true,"href":"https:\/\/linitiative.ca\/International\/wp-json\/wp\/v2\/users\/1969"}],"replies":[{"embeddable":true,"href":"https:\/\/linitiative.ca\/International\/wp-json\/wp\/v2\/comments?post=60151"}],"version-history":[{"count":0,"href":"https:\/\/linitiative.ca\/International\/wp-json\/wp\/v2\/posts\/60151\/revisions"}],"wp:attachment":[{"href":"https:\/\/linitiative.ca\/International\/wp-json\/wp\/v2\/media?parent=60151"}],"wp:term":[{"taxonomy":"category","embeddable":true,"href":"https:\/\/linitiative.ca\/International\/wp-json\/wp\/v2\/categories?post=60151"},{"taxonomy":"post_tag","embeddable":true,"href":"https:\/\/linitiative.ca\/International\/wp-json\/wp\/v2\/tags?post=60151"}],"curies":[{"name":"wp","href":"https:\/\/api.w.org\/{rel}","templated":true}]}}