{"id":60152,"date":"2019-09-04T12:10:13","date_gmt":"2019-09-04T16:10:13","guid":{"rendered":"https:\/\/linitiative.ca\/International\/scandale-des-sous-locations-a-la-sic-ahmadou-sardaouna-veut-engager-un-huissier-pour-le-comptage-des-locataires\/"},"modified":"2019-09-04T12:10:13","modified_gmt":"2019-09-04T16:10:13","slug":"scandale-des-sous-locations-a-la-sic-ahmadou-sardaouna-veut-engager-un-huissier-pour-le-comptage-des-locataires","status":"publish","type":"post","link":"https:\/\/linitiative.ca\/International\/scandale-des-sous-locations-a-la-sic-ahmadou-sardaouna-veut-engager-un-huissier-pour-le-comptage-des-locataires\/","title":{"rendered":"Scandale des sous locations \u00e0 la SIC :  Ahmadou Sardaouna veut engager un huissier pour le comptage des locataires"},"content":{"rendered":"<div class=\"featured-area featured-area-inner\"><img loading=\"lazy\" decoding=\"async\" width=\"780\" height=\"400\" src=\"https:\/\/i2.wp.com\/ecomatin.net\/wp-content\/uploads\/2019\/09\/ecomatin.net-sous-locations-a-la-sic-ahmadou-sardaouna-veut-engager-un-huissier-pour-le-comptage-des-locataires-camp-sic-ok.jpg?resize=780%2C400&#038;ssl=1&#038;is-pending-load=1\" class=\"attachment-jannah-image-post size-jannah-image-post wp-post-image jetpack-lazy-image\" alt=\"\" data-attachment-id=\"11086\" data-permalink=\"https:\/\/ecomatin.net\/sous-locations-a-la-sic-ahmadou-sardaouna-veut-engager-un-huissier-pour-le-comptage-des-locataires\/camp-sic-ok\/\" data-orig-file=\"https:\/\/i2.wp.com\/ecomatin.net\/wp-content\/uploads\/2019\/09\/ecomatin.net-sous-locations-a-la-sic-ahmadou-sardaouna-veut-engager-un-huissier-pour-le-comptage-des-locataires-camp-sic-ok.jpg?fit=800%2C400&#038;ssl=1\" data-orig-size=\"800,400\" data-comments-opened=\"0\" data-image-meta=\"{\"aperture\":\"0\",\"credit\":\"\",\"camera\":\"\",\"caption\":\"\",\"created_timestamp\":\"0\",\"copyright\":\"\",\"focal_length\":\"0\",\"iso\":\"0\",\"shutter_speed\":\"0\",\"title\":\"\",\"orientation\":\"1\"}\" data-image-title=\"Camp sic ok\" data-image-description=\"\" data-medium-file=\"https:\/\/i2.wp.com\/ecomatin.net\/wp-content\/uploads\/2019\/09\/ecomatin.net-sous-locations-a-la-sic-ahmadou-sardaouna-veut-engager-un-huissier-pour-le-comptage-des-locataires-camp-sic-ok.jpg?fit=300%2C150&#038;ssl=1\" data-large-file=\"https:\/\/i2.wp.com\/ecomatin.net\/wp-content\/uploads\/2019\/09\/ecomatin.net-sous-locations-a-la-sic-ahmadou-sardaouna-veut-engager-un-huissier-pour-le-comptage-des-locataires-camp-sic-ok.jpg?fit=800%2C400&#038;ssl=1\" srcset=\"data:image\/gif;base64,R0lGODlhAQABAIAAAAAAAP\/\/\/yH5BAEAAAAALAAAAAABAAEAAAIBRAA7\"\/><\/div>\n<div class=\"entry-content entry clearfix\" readability=\"68\">\n<p>A peine install\u00e9 dans ses fonctions de Directeur g\u00e9n\u00e9ral de la <strong>Soci\u00e9t\u00e9 immobili\u00e8re du Cameroun, (SIC),<\/strong> <strong>Ahmadou Sardaouna<\/strong> a effectu\u00e9 vendredi 30 ao\u00fbt 2019, une visite de prise de contact avec l\u2019ensemble des locataires de la SIC \u00e0 Yaound\u00e9. \u00a0Premier arr\u00eat\u00a0; camp-Sic de <strong>Biyem-Assi<\/strong>. Ici les locataires se plaignent des odeurs naus\u00e9euses dues aux canalisations bouch\u00e9es. A <strong>Mendong<\/strong>, m\u00eame son de cloche. Insalubrit\u00e9 et ins\u00e9curit\u00e9 se m\u00ealent. Selon les t\u00e9moignages des habitants \u00ab\u00a0<em>il y a des jeunes qui consomment de l\u2019alcool jusqu\u2019\u00e0 4h du matin. Ils d\u00e9clenchent des bagarres avec des armes blanches. Certains viennent m\u00eame souvent d\u00e9f\u00e9quer devant les portes<\/em>\u00a0\u00bb.\u00a0 A la <strong>Cit\u00e9-verte<\/strong>, il faut revoir toutes les canalisations d\u2019eau. A la moindre averse on assiste aux inondations. Ayant pris acte de ces multiples probl\u00e8mes, Ahmadou Sardaouna, promet des solutions, non sans solliciter l\u2019implication de tous.<\/p>\n<p>Exit, les plaintes sus-\u00e9voqu\u00e9es, le nouveau directeur g\u00e9n\u00e9ral nomm\u00e9 le 20 ao\u00fbt 2019 au terme d\u2019une session extraordinaire du Conseil d\u2019administration est descendu sur le terrain pour s\u2019impr\u00e9gner du probl\u00e8me dit de Sous-location. \u00a0A la suite de son pr\u00e9d\u00e9cesseur, il entend mener des actions. Interview\u00e9 dans les colonnes de Cameroon tribune,\u00a0 le n\u02da1 de la SIC dit ceci \u00ab\u00a0<em>Nous allons publier un rapport g\u00e9n\u00e9ral. C\u2019est \u00e0 travers ce document que nous allons \u00e9tablir la strat\u00e9gie \u00e0 mettre sur pied. Nous avons n\u00e9anmoins pris la d\u00e9cision de recruter un huissier pour faire l\u2019\u00e9tat des lieux en ce qui concerne les occupants. A l\u2019issue de cela nous allons mettre fin \u00e0 la Sous-location\u00a0<\/em>\u00bb.<\/p>\n<p>Il constate d\u2019ailleurs qu\u2019il existe des personnes ayant d\u00e9j\u00e0 des b\u00e2tisses, mais demeurent dans des camps-Sic. Selon lui, le probl\u00e8me de Sous-location na\u00eet du gel\u00a0 des prix des locations \u00ab\u00a0<em>ceci parce que le taux n\u2019est pas fixe. Cela va selon les \u00e9volutions et l\u2019offre, la demande et la d\u00e9mographie de toute une ville<\/em>\u00bb.<\/p>\n<p>Ce d\u00e9ploiement s\u2019inscrit en droite ligne des recommandations formul\u00e9es au DG lors de son installation. <strong>C\u00e9lestine Ketcha Courtes,<\/strong> son ministre de Tutelle lui a instruit de r\u00e9organiser le secteur afin que les habitants s\u2019approprient l\u2019entretien et la gestion des espaces communs. Redynamiser le dialogue entre la SIC et les locataires, au regard du probl\u00e8me d\u2019entretien des locaux, \u00e0 la suite de la stagnation des prix depuis 1998.<\/p>\n<div class=\"about-author about-author-box container-wrapper\">\n<div class=\"author-avatar\">\n<p><img decoding=\"async\" src=\"http:\/\/\" alt=\"\"\/><\/p>\n<\/div>\n<p><h4>La R\u00e9daction EcoMatin<\/h4>\n<\/p>\n<\/div>\n<div class=\"awac-wrapper awac widget blog_subscription-2\">\n<h4 class=\"widget-title\">Abonnez-vous \u00e0 notre lettre d&rsquo;information<\/h4>\n<\/div>\n<\/div>\n<div class=\"toggle-post-content clearfix\"><a id=\"toggle-post-button\" class=\"button\" href=\"#\">Afficher plus <\/a><\/div>\n<p>Auteur: EcoMatin<br \/>\n<a href=\"https:\/\/ecomatin.net\/sous-locations-a-la-sic-ahmadou-sardaouna-veut-engager-un-huissier-pour-le-comptage-des-locataires\/\">Cliquez ici pour lire l&rsquo;article depuis sa source.<\/a><\/p>\n","protected":false},"excerpt":{"rendered":"<p>A peine install\u00e9 dans ses fonctions de Directeur g\u00e9n\u00e9ral de la Soci\u00e9t\u00e9 immobili\u00e8re du Cameroun, (SIC), Ahmadou Sardaouna a effectu\u00e9 vendredi 30 ao\u00fbt 2019, une visite de prise de contact avec l\u2019ensemble des locataires de la SIC \u00e0 Yaound\u00e9. \u00a0Premier arr\u00eat\u00a0; camp-Sic de Biyem-Assi. Ici les locataires se plaignent des odeurs naus\u00e9euses dues aux canalisations [&hellip;]<\/p>\n","protected":false},"author":1969,"featured_media":0,"comment_status":"closed","ping_status":"closed","sticky":false,"template":"","format":"standard","meta":{"fifu_image_url":"","fifu_image_alt":"","footnotes":""},"categories":[82,78],"tags":[],"class_list":["post-60152","post","type-post","status-publish","format-standard","hentry","category-cameroun","category-economie"],"_links":{"self":[{"href":"https:\/\/linitiative.ca\/International\/wp-json\/wp\/v2\/posts\/60152","targetHints":{"allow":["GET"]}}],"collection":[{"href":"https:\/\/linitiative.ca\/International\/wp-json\/wp\/v2\/posts"}],"about":[{"href":"https:\/\/linitiative.ca\/International\/wp-json\/wp\/v2\/types\/post"}],"author":[{"embeddable":true,"href":"https:\/\/linitiative.ca\/International\/wp-json\/wp\/v2\/users\/1969"}],"replies":[{"embeddable":true,"href":"https:\/\/linitiative.ca\/International\/wp-json\/wp\/v2\/comments?post=60152"}],"version-history":[{"count":0,"href":"https:\/\/linitiative.ca\/International\/wp-json\/wp\/v2\/posts\/60152\/revisions"}],"wp:attachment":[{"href":"https:\/\/linitiative.ca\/International\/wp-json\/wp\/v2\/media?parent=60152"}],"wp:term":[{"taxonomy":"category","embeddable":true,"href":"https:\/\/linitiative.ca\/International\/wp-json\/wp\/v2\/categories?post=60152"},{"taxonomy":"post_tag","embeddable":true,"href":"https:\/\/linitiative.ca\/International\/wp-json\/wp\/v2\/tags?post=60152"}],"curies":[{"name":"wp","href":"https:\/\/api.w.org\/{rel}","templated":true}]}}