{"id":60153,"date":"2019-09-04T12:25:39","date_gmt":"2019-09-04T16:25:39","guid":{"rendered":"https:\/\/linitiative.ca\/International\/cooperation-apres-le-ticad-7-le-japon-annonce-une-aide-financiere-aux-forces-de-securite-camerounaise\/"},"modified":"2019-09-04T12:25:39","modified_gmt":"2019-09-04T16:25:39","slug":"cooperation-apres-le-ticad-7-le-japon-annonce-une-aide-financiere-aux-forces-de-securite-camerounaise","status":"publish","type":"post","link":"https:\/\/linitiative.ca\/International\/cooperation-apres-le-ticad-7-le-japon-annonce-une-aide-financiere-aux-forces-de-securite-camerounaise\/","title":{"rendered":"Coop\u00e9ration : apr\u00e8s le TICAD 7, le Japon annonce une aide financi\u00e8re aux forces de s\u00e9curit\u00e9 camerounaise"},"content":{"rendered":"<div class=\"featured-area featured-area-inner\"><img loading=\"lazy\" decoding=\"async\" width=\"780\" height=\"405\" src=\"https:\/\/i2.wp.com\/ecomatin.net\/wp-content\/uploads\/2019\/09\/ecomatin.net-cooperation-apres-le-ticad-7-le-japon-annonce-une-aide-financiere-aux-forces-de-securite-camerounaise-ticad-7.jpg?resize=780%2C405&#038;ssl=1&#038;is-pending-load=1\" class=\"attachment-jannah-image-post size-jannah-image-post wp-post-image jetpack-lazy-image\" alt=\"\" data-attachment-id=\"11089\" data-permalink=\"https:\/\/ecomatin.net\/cooperation-apres-le-ticad-7-le-japon-annonce-une-aide-financiere-aux-forces-de-securite-camerounaise\/ticad-7\/\" data-orig-file=\"https:\/\/i2.wp.com\/ecomatin.net\/wp-content\/uploads\/2019\/09\/ecomatin.net-cooperation-apres-le-ticad-7-le-japon-annonce-une-aide-financiere-aux-forces-de-securite-camerounaise-ticad-7.jpg?fit=780%2C440&#038;ssl=1\" data-orig-size=\"780,440\" data-comments-opened=\"0\" data-image-meta=\"{\"aperture\":\"0\",\"credit\":\"\",\"camera\":\"\",\"caption\":\"\",\"created_timestamp\":\"0\",\"copyright\":\"\",\"focal_length\":\"0\",\"iso\":\"0\",\"shutter_speed\":\"0\",\"title\":\"\",\"orientation\":\"0\"}\" data-image-title=\"Ticad 7\" data-image-description=\"\" data-medium-file=\"https:\/\/i2.wp.com\/ecomatin.net\/wp-content\/uploads\/2019\/09\/ecomatin.net-cooperation-apres-le-ticad-7-le-japon-annonce-une-aide-financiere-aux-forces-de-securite-camerounaise-ticad-7.jpg?fit=300%2C169&#038;ssl=1\" data-large-file=\"https:\/\/i2.wp.com\/ecomatin.net\/wp-content\/uploads\/2019\/09\/ecomatin.net-cooperation-apres-le-ticad-7-le-japon-annonce-une-aide-financiere-aux-forces-de-securite-camerounaise-ticad-7.jpg?fit=780%2C440&#038;ssl=1\" srcset=\"data:image\/gif;base64,R0lGODlhAQABAIAAAAAAAP\/\/\/yH5BAEAAAAALAAAAAABAAEAAAIBRAA7\"\/><\/div>\n<div class=\"entry-content entry clearfix\" readability=\"59\">\n<p><strong>Taro Kono,<\/strong> <strong>ministre japonais des Affaires \u00e9trang\u00e8res<\/strong>, a rencontr\u00e9 le 31 ao\u00fbt 2019, <strong>Lejeune Mbella Mbella<\/strong>, <strong>ministre des Relations ext\u00e9rieures<\/strong> (Minrex) du Cameroun. C\u2019\u00e9tait lors de la septi\u00e8me \u00e9dition de la <strong>Conf\u00e9rence internationale de Tokyo sur le d\u00e9veloppement de l\u2019Afrique<\/strong> (TICAD7), tenue du 28 au 30 ao\u00fbt. Au lendemain des travaux, le ministre Taro Kono a annonc\u00e9 que le Japon a d\u00e9cid\u00e9 de fournir une aide financi\u00e8re d\u2019environ <strong>230 000 dollars<\/strong> (<strong>environ 136 millions FCFA<\/strong>)\u00a0 \u00e0 l\u2019<strong>\u00c9cole internationale de la s\u00e9curit\u00e9<\/strong> (Eiforces) afin d\u2019assurer la stabilisation dans la r\u00e9gion anglophone du Cameroun et dans la r\u00e9gion avoisinant le lac Tchad.<\/p>\n<p>Pour sa part, le Minrex a r\u00e9pondu que le Cameroun, bien que faisant face \u00e0 des probl\u00e8mes humanitaires, se f\u00e9licite de l\u2019aide fournie par le Japon.\u00a0 Il convient de rappeler que l\u2019Eiforces est l\u2019organisme camerounais de formation cr\u00e9\u00e9 par d\u00e9cret pr\u00e9sidentiel en mai 2008. Cette institution vise \u00e0 dispenser des formations principalement \u00e0 des personnels de police et de gendarmerie appel\u00e9s \u00e0 participer aux missions de paix et de la s\u00e9curit\u00e9.<\/p>\n<p>En outre, le Japon a dans le secteur de l\u2019agriculture, annonc\u00e9 un don\u00a0 d\u2019\u00e9quipements et mat\u00e9riels agricoles d\u2019une valeur\u00a0 de 1 <strong>milliards FCFA\u00a0<\/strong> pour le \u00ab <strong>Projet de d\u00e9veloppement de la riziculture pluviale de plateau en zone de foret \u00e0 pluviom\u00e9trie bimodale<\/strong> (Proderip) \u00bb. Dans ce m\u00eame scenario,\u00a0 <strong>Lejeune Mbella Mbella<\/strong> a exprim\u00e9 les attentes du Cameroun concernant un investissement accru des entreprises japonaises et une coop\u00e9ration accrue dans des domaines tels que l\u2019\u00e9ducation, en particulier la science et la technologie, de m\u00eame que les infrastructures.<\/p>\n<div class=\"about-author about-author-box container-wrapper\">\n<div class=\"author-avatar\">\n<p><img decoding=\"async\" src=\"http:\/\/\" alt=\"\"\/><\/p>\n<\/div>\n<p><h4>La R\u00e9daction EcoMatin<\/h4>\n<\/p>\n<\/div>\n<div class=\"awac-wrapper awac widget blog_subscription-2\">\n<h4 class=\"widget-title\">Abonnez-vous \u00e0 notre lettre d&rsquo;information<\/h4>\n<\/div>\n<\/div>\n<div class=\"toggle-post-content clearfix\"><a id=\"toggle-post-button\" class=\"button\" href=\"#\">Afficher plus <\/a><\/div>\n<p>Auteur: EcoMatin<br \/>\n<a href=\"https:\/\/ecomatin.net\/cooperation-apres-le-ticad-7-le-japon-annonce-une-aide-financiere-aux-forces-de-securite-camerounaise\/\">Cliquez ici pour lire l&rsquo;article depuis sa source.<\/a><\/p>\n","protected":false},"excerpt":{"rendered":"<p>Taro Kono, ministre japonais des Affaires \u00e9trang\u00e8res, a rencontr\u00e9 le 31 ao\u00fbt 2019, Lejeune Mbella Mbella, ministre des Relations ext\u00e9rieures (Minrex) du Cameroun. C\u2019\u00e9tait lors de la septi\u00e8me \u00e9dition de la Conf\u00e9rence internationale de Tokyo sur le d\u00e9veloppement de l\u2019Afrique (TICAD7), tenue du 28 au 30 ao\u00fbt. Au lendemain des travaux, le ministre Taro Kono [&hellip;]<\/p>\n","protected":false},"author":1969,"featured_media":0,"comment_status":"closed","ping_status":"closed","sticky":false,"template":"","format":"standard","meta":{"fifu_image_url":"","fifu_image_alt":"","footnotes":""},"categories":[82,78],"tags":[],"class_list":["post-60153","post","type-post","status-publish","format-standard","hentry","category-cameroun","category-economie"],"_links":{"self":[{"href":"https:\/\/linitiative.ca\/International\/wp-json\/wp\/v2\/posts\/60153","targetHints":{"allow":["GET"]}}],"collection":[{"href":"https:\/\/linitiative.ca\/International\/wp-json\/wp\/v2\/posts"}],"about":[{"href":"https:\/\/linitiative.ca\/International\/wp-json\/wp\/v2\/types\/post"}],"author":[{"embeddable":true,"href":"https:\/\/linitiative.ca\/International\/wp-json\/wp\/v2\/users\/1969"}],"replies":[{"embeddable":true,"href":"https:\/\/linitiative.ca\/International\/wp-json\/wp\/v2\/comments?post=60153"}],"version-history":[{"count":0,"href":"https:\/\/linitiative.ca\/International\/wp-json\/wp\/v2\/posts\/60153\/revisions"}],"wp:attachment":[{"href":"https:\/\/linitiative.ca\/International\/wp-json\/wp\/v2\/media?parent=60153"}],"wp:term":[{"taxonomy":"category","embeddable":true,"href":"https:\/\/linitiative.ca\/International\/wp-json\/wp\/v2\/categories?post=60153"},{"taxonomy":"post_tag","embeddable":true,"href":"https:\/\/linitiative.ca\/International\/wp-json\/wp\/v2\/tags?post=60153"}],"curies":[{"name":"wp","href":"https:\/\/api.w.org\/{rel}","templated":true}]}}