{"id":60157,"date":"2019-09-05T06:10:06","date_gmt":"2019-09-05T10:10:06","guid":{"rendered":"https:\/\/linitiative.ca\/International\/casablanca-condamnee-a-5-ans-de-prison-pour-avoir-tue-son-bebe\/"},"modified":"2019-09-05T06:10:06","modified_gmt":"2019-09-05T10:10:06","slug":"casablanca-condamnee-a-5-ans-de-prison-pour-avoir-tue-son-bebe","status":"publish","type":"post","link":"https:\/\/linitiative.ca\/International\/casablanca-condamnee-a-5-ans-de-prison-pour-avoir-tue-son-bebe\/","title":{"rendered":"Casablanca : Condamn\u00e9e \u00e0 5 ans de prison pour avoir tu\u00e9 son b\u00e9b\u00e9"},"content":{"rendered":"<header readability=\"1.16379310345\">\n<\/header>\n<div class=\"entry-content clearfix\" readability=\"67\"><img decoding=\"async\" class=\"post_layout_5_img\" src=\"http:\/\/aujourdhui.ma\/wp-content\/uploads\/2017\/05\/Arrestation-femme.jpg?x29840\" alt=\"Casablanca : Condamn\u00e9e \u00e0 5 ans de prison pour avoir tu\u00e9 son b\u00e9b\u00e9\"\/><\/p>\n<p>\u00abAucune m\u00e8re ne peut tuer sa prog\u00e9niture sauf si elle est malade\u00bb. C\u2019est la phrase par laquelle l\u2019avocat de la d\u00e9fense de cette m\u00e8re c\u00e9libataire a entam\u00e9 sa plaidoirie<span id=\"more-317709\"\/> devant les trois magistrats de la chambre criminelle pr\u00e8s la Cour d\u2019appel de Casablanca pour leur solliciter de d\u00e9cider de la soumettre \u00e0 une expertise m\u00e9dicale. Quant \u00e0 la m\u00e8re, elle n\u2019arrivait pas \u00e0 retenir ses larmes tout en affirmant qu\u2019elle n\u2019a jamais pens\u00e9 \u00e0 tuer son propre enfant.<\/p>\n<p>Originaire de Bir Jdid, cette jeune fille de vingt-trois ans a regagn\u00e9 la capitale \u00e9conomique pour chercher un emploi. Certes, elle en a trouv\u00e9 chez une famille avec laquelle elle a pass\u00e9 quatre mois avant de lui tourner le dos. Depuis, elle ne d\u00e9passait pas un mois, comme domestique, chez n\u2019importe quelle famille qui la recrutait car elle a fait la connaissance de quelques jeunes filles qui l\u2019ont initi\u00e9e au monde de la nuit. De la cigarette \u00e0 l\u2019alcool en passant par la chicha et la prostitution. Mais, vu l\u2019immaturit\u00e9 de l\u2019exp\u00e9rience, elle est tomb\u00e9e enceinte. Au bout du neuvi\u00e8me mois de grossesse, elle a mis au monde son enfant. Elle \u00e9tait \u00e0 la belle \u00e9toile quand elle a accouch\u00e9. Apr\u00e8s quoi, elle l\u2019a \u00e9touff\u00e9 en mettant sa main sur sa bouche et son nez. Seulement, un veilleur de nuit l\u2019a remarqu\u00e9e de loin et a alert\u00e9 la police.<\/p>\n<p>\u00abJe ne savais pas quoi faire, M. le pr\u00e9sident\u00bb, a-t-elle affirm\u00e9 au pr\u00e9sident de la Cour qui l\u2019a interrog\u00e9e pour savoir si elle n\u2019avait pas d\u2019autres solutions que de tuer son enfant. Baissant sa t\u00eate, elle a laiss\u00e9 ses larmes couler sur ses joues. Son avocat, constitu\u00e9 dans le cadre d\u2019assistance judiciaire, a affirm\u00e9, lors de sa plaidoirie, que la mise en cause devait \u00eatre soumise \u00e0 une expertise m\u00e9dicale parce qu\u2019elle n\u2019\u00e9tait pas normale. Au contraire, le repr\u00e9sentant du minist\u00e8re public a expliqu\u00e9 qu\u2019elle a mis fin \u00e0 la vie de son enfant alors qu\u2019elle \u00e9tait consciente. La preuve, selon le repr\u00e9sentant du minist\u00e8re public, \u00e9tant qu\u2019elle avait racont\u00e9 toute l\u2019histoire \u00e0 la police comme elle l\u2019avait relat\u00e9e devant la Cour.<br \/>Jug\u00e9e coupable pour infanticide tout en b\u00e9n\u00e9ficiant des circonstances att\u00e9nuantes, la Cour l\u2019a condamn\u00e9e \u00e0 cinq ans de r\u00e9clusion criminelle.<\/p>\n<\/div>\n<p>Auteur: Abderrafii ALOUMLIKI<br \/>\n<a href=\"http:\/\/aujourdhui.ma\/faits-divers\/casablanca-condamnee-a-5-ans-de-prison-pour-avoir-tue-son-bebe\">Cliquez ici pour lire l&rsquo;article depuis sa source.<\/a><\/p>\n","protected":false},"excerpt":{"rendered":"<p>\u00abAucune m\u00e8re ne peut tuer sa prog\u00e9niture sauf si elle est malade\u00bb. C\u2019est la phrase par laquelle l\u2019avocat de la d\u00e9fense de cette m\u00e8re c\u00e9libataire a entam\u00e9 sa plaidoirie devant les trois magistrats de la chambre criminelle pr\u00e8s la Cour d\u2019appel de Casablanca pour leur solliciter de d\u00e9cider de la soumettre \u00e0 une expertise m\u00e9dicale. [&hellip;]<\/p>\n","protected":false},"author":1759,"featured_media":0,"comment_status":"closed","ping_status":"closed","sticky":false,"template":"","format":"standard","meta":{"fifu_image_url":"","fifu_image_alt":"","footnotes":""},"categories":[73,54],"tags":[],"class_list":["post-60157","post","type-post","status-publish","format-standard","hentry","category-actualite","category-maroc"],"_links":{"self":[{"href":"https:\/\/linitiative.ca\/International\/wp-json\/wp\/v2\/posts\/60157","targetHints":{"allow":["GET"]}}],"collection":[{"href":"https:\/\/linitiative.ca\/International\/wp-json\/wp\/v2\/posts"}],"about":[{"href":"https:\/\/linitiative.ca\/International\/wp-json\/wp\/v2\/types\/post"}],"author":[{"embeddable":true,"href":"https:\/\/linitiative.ca\/International\/wp-json\/wp\/v2\/users\/1759"}],"replies":[{"embeddable":true,"href":"https:\/\/linitiative.ca\/International\/wp-json\/wp\/v2\/comments?post=60157"}],"version-history":[{"count":0,"href":"https:\/\/linitiative.ca\/International\/wp-json\/wp\/v2\/posts\/60157\/revisions"}],"wp:attachment":[{"href":"https:\/\/linitiative.ca\/International\/wp-json\/wp\/v2\/media?parent=60157"}],"wp:term":[{"taxonomy":"category","embeddable":true,"href":"https:\/\/linitiative.ca\/International\/wp-json\/wp\/v2\/categories?post=60157"},{"taxonomy":"post_tag","embeddable":true,"href":"https:\/\/linitiative.ca\/International\/wp-json\/wp\/v2\/tags?post=60157"}],"curies":[{"name":"wp","href":"https:\/\/api.w.org\/{rel}","templated":true}]}}