{"id":60160,"date":"2019-09-05T06:23:13","date_gmt":"2019-09-05T10:23:13","guid":{"rendered":"https:\/\/linitiative.ca\/International\/cancer-et-nutrition-que-faut-il-manger\/"},"modified":"2019-09-05T06:23:13","modified_gmt":"2019-09-05T10:23:13","slug":"cancer-et-nutrition-que-faut-il-manger","status":"publish","type":"post","link":"https:\/\/linitiative.ca\/International\/cancer-et-nutrition-que-faut-il-manger\/","title":{"rendered":"Cancer et nutrition: que faut-il manger?"},"content":{"rendered":"<p class=\"c4\"><strong><span class=\"c2\">L<\/span><span class=\"c3\">es causes du cancer sont plurielles, mais l\u2019alimentation joue directement ou indirectement un r\u00f4le important.<\/span><\/strong><\/p>\n<p class=\"c4\">A ce propos, il est utile de rappeler que de nombreuses \u00e9tudes ont mis en \u00e9vidence l\u2019influence des facteurs nutritionnels sur le risque de d\u00e9velopper un cancer, m\u00eame s\u2019il reste des incertitudes sur le r\u00f4le exact de certains d\u2019entre eux. Est-il possible de diminuer les risques d\u2019un cancer\u00a0\u00e0 l\u2019aide d\u2019une alimentation \u00e9quilibr\u00e9e ? Quels sont les aliments \u00e0 privil\u00e9gier\u00a0pour un malade atteint de cancer?<\/p>\n<p class=\"c4\">Pour d\u00e9battre de ce sujet, et r\u00e9pondre \u00e0 de nombreuses questions, qui aujourd\u2019hui restent peu ou mal comprises par un tr\u00e8s grand nombre de nos citoyens, et plus particuli\u00e8rement les malades atteints de cancer,\u00a0 qui sont sous traitements, le Casablanca Cancer Center de l\u2019H\u00f4pital Universitaire International Cheikh Khalifa a organis\u00e9 le Mercredi 04 septembre 2019, \u00e0 15H au niveau de l\u2019amphith\u00e9\u00e2tre de l\u2019h\u00f4pital, une journ\u00e9e porte ouverte sur le cancer et nutrition portant sur le th\u00e8me: que manger ?<\/p>\n<p class=\"c4\">De nombreux sp\u00e9cialistes ont pris part \u00e0 cette journ\u00e9e ouverte au grand public, les orateurs, m\u00e9decins-nutritionnistes et m\u00e9decins sp\u00e9cialistes en oncologie, ont souhait\u00e9 accompagner les patients canc\u00e9reux et leur permettre d\u2019acqu\u00e9rir et maintenir les bonnes habitudes alimentaires et les comp\u00e9tences indispensables pour mieux g\u00e9rer les effets ind\u00e9sirables du traitement mais surtout am\u00e9liorer l\u2019observance th\u00e9rapeutique.<\/p>\n<p class=\"c4\">Les intervenants de cette journ\u00e9e \u00e9taient, notamment le Dr Laila El Ammari, Responsable du D\u00e9partement de Nutrition, Minist\u00e8re de la Sant\u00e9; le Dr Karim Ouali \u2013 M\u00e9decin nutritionniste, phytoth\u00e9rapeute et hom\u00e9opathe; le Dr Baha Rabi \u2013 M\u00e9decin nutritionniste et directrice du Centre Hospitalier Pr\u00e9fectoral Hassani, le Pr. Adnane Benmoussa \u2013 Pharmacien \u2013 clinicien, facult\u00e9 de pharmacie UM6SS; le Pr. Fadila Kouhen \u2013 Radioth\u00e9rapeute, HCK; Aziza Hamsas \u2013 Kin\u00e9sith\u00e9rapeute, Enseignante APA et \u00e9tudiante en Master of Sciences en Nutrition Humaine et le Pr. Moulay El Hassan Tahiri \u2013 Directeur M\u00e9dical, HCK.<\/p>\n<p class=\"c5\"><strong>Ouardirhi Abdelaziz<\/strong><\/p>\n<p>Auteur: M&rsquo;hammed rahal<br \/>\n<a href=\"http:\/\/albayane.press.ma\/cancer-et-nutrition-que-faut-il-manger.html\">Cliquez ici pour lire l&rsquo;article depuis sa source.<\/a><\/p>\n","protected":false},"excerpt":{"rendered":"<p>Les causes du cancer sont plurielles, mais l\u2019alimentation joue directement ou indirectement un r\u00f4le important. A ce propos, il est utile de rappeler que de nombreuses \u00e9tudes ont mis en \u00e9vidence l\u2019influence des facteurs nutritionnels sur le risque de d\u00e9velopper un cancer, m\u00eame s\u2019il reste des incertitudes sur le r\u00f4le exact de certains d\u2019entre eux. [&hellip;]<\/p>\n","protected":false},"author":1760,"featured_media":0,"comment_status":"closed","ping_status":"closed","sticky":false,"template":"","format":"standard","meta":{"fifu_image_url":"","fifu_image_alt":"","footnotes":""},"categories":[73,54],"tags":[],"class_list":["post-60160","post","type-post","status-publish","format-standard","hentry","category-actualite","category-maroc"],"_links":{"self":[{"href":"https:\/\/linitiative.ca\/International\/wp-json\/wp\/v2\/posts\/60160","targetHints":{"allow":["GET"]}}],"collection":[{"href":"https:\/\/linitiative.ca\/International\/wp-json\/wp\/v2\/posts"}],"about":[{"href":"https:\/\/linitiative.ca\/International\/wp-json\/wp\/v2\/types\/post"}],"author":[{"embeddable":true,"href":"https:\/\/linitiative.ca\/International\/wp-json\/wp\/v2\/users\/1760"}],"replies":[{"embeddable":true,"href":"https:\/\/linitiative.ca\/International\/wp-json\/wp\/v2\/comments?post=60160"}],"version-history":[{"count":0,"href":"https:\/\/linitiative.ca\/International\/wp-json\/wp\/v2\/posts\/60160\/revisions"}],"wp:attachment":[{"href":"https:\/\/linitiative.ca\/International\/wp-json\/wp\/v2\/media?parent=60160"}],"wp:term":[{"taxonomy":"category","embeddable":true,"href":"https:\/\/linitiative.ca\/International\/wp-json\/wp\/v2\/categories?post=60160"},{"taxonomy":"post_tag","embeddable":true,"href":"https:\/\/linitiative.ca\/International\/wp-json\/wp\/v2\/tags?post=60160"}],"curies":[{"name":"wp","href":"https:\/\/api.w.org\/{rel}","templated":true}]}}