{"id":60161,"date":"2019-09-05T06:29:55","date_gmt":"2019-09-05T10:29:55","guid":{"rendered":"https:\/\/linitiative.ca\/International\/faculte-des-lettres-dagadir-une-rentree-sous-le-signe-de-la-renovation\/"},"modified":"2019-09-05T06:29:55","modified_gmt":"2019-09-05T10:29:55","slug":"faculte-des-lettres-dagadir-une-rentree-sous-le-signe-de-la-renovation","status":"publish","type":"post","link":"https:\/\/linitiative.ca\/International\/faculte-des-lettres-dagadir-une-rentree-sous-le-signe-de-la-renovation\/","title":{"rendered":"Facult\u00e9 des lettres d\u2019Agadir: Une rentr\u00e9e sous le signe de la r\u00e9novation"},"content":{"rendered":"<p class=\"c4\"><strong><span class=\"c2\">S<\/span><span class=\"c3\">ous le signe de \u00abqualit\u00e9 de la formation et de la recherche scientifique\u00bb, la Facult\u00e9 des lettres et des sciences humaines, relevant de l\u2019universit\u00e9 Ibn Zohr d\u2019Agadir s\u2019attelle, sans rel\u00e2che, \u00e0 r\u00e9unir les conditions optimales pour la rentr\u00e9e universitaire de l\u2019ann\u00e9e 2019\/2019. Comme \u00e0 l\u2019accoutum\u00e9e, le staff administratif, conduit par Dr Ahmed Belcadi, l\u2019inusable doyen de cet \u00e9tablissement n\u2019a m\u00e9nag\u00e9 aucun effort pour ce faire, en pleine saison estivale. Cette ann\u00e9e encore, une s\u00e9rie de mesures ont \u00e9t\u00e9 prises, \u00e0 plus d\u2019un titre, en vue de rehausser de plus belle l\u2019\u00e9tat \u00e9tincelant de cette institution, au niveau du cadre de travail flamboyant. En parall\u00e8le, une multitude d\u2019actes de r\u00e9novation furent entrepris, en \u00e9quipements et mat\u00e9riels didactiques, en vue de garantir toutes les dispositions id\u00e9ales pour reprise efficiente et f\u00e9conde.<\/span><\/strong><\/p>\n<p class=\"c4\">C\u2019est devenu une tradition que de renouveler \u00e0 chaque fois les espaces accueillants de la facult\u00e9 qui, de l\u2019avis des observateurs, sont un mod\u00e8le d\u2019attractivit\u00e9 et de biens\u00e9ance, aussi bien pour les \u00e9tudiants qui m\u00e8nent une vie sereine et qui\u00e8te que les visiteurs qui sont admiratifs de cette splendeur d\u2019accueil in\u00e9dite. Pour le doyen, principal artisan de ce chef-d\u2019\u0153uvre, les \u00e9tudiants recherchent, sans cesse, un site agr\u00e9able pour se sentir motiv\u00e9 pour l\u2019apprentissage et l\u2019\u00e9panouissement et ressentir le besoin de s\u2019approprier les lieux en contribuant \u00e0 leur rayonnement. C\u2019est dans cette optique, dit-il, qu\u2019on se focalise sur les aspects ext\u00e9rieurs, tout en tenant compte, en \u00e9troite symbiose, des aspects ayant trait aux contenus de la formation, toutes disciplines confondues. C\u2019est un travail laborieux et permanent auquel s\u2019investit, dans une approche inclusive une panoplie des constituantes de la facult\u00e9.<\/p>\n<p class=\"c4\">Pour cette ann\u00e9e, il s\u2019est donc agi d\u2019\u00e9quiper pas moins de 13 grandes salles en nouvelles tables pour un volume de 180 chaises pour chaque salle, soit\u00a02340, en plus des 10 autres salles d\u00e9j\u00e0 \u00e9quip\u00e9es pour un taux de 1710 chaises, en vue d\u2019assurer plus de convenance \u00e0 l\u2019op\u00e9ration de formation de toutes les composantes de la facult\u00e9. D\u2019autre part, le doyen a estim\u00e9 que l\u2019int\u00e9r\u00eat port\u00e9 \u00e0 la question universitaire et de formation traduit fortement le souci majeur sur lequel avait insist\u00e9 le r\u00e9cent discours royal \u00e0 l\u2019occasion de la comm\u00e9moration de la f\u00eate de la r\u00e9volution du Roi et du Peuple, selon lequel il a \u00e9t\u00e9 affirm\u00e9 l\u2019ad\u00e9quation de la formation \u00e0 l\u2019emploi. Dans ce sens, il rappelle que l\u2019universit\u00e9 Ibn Zohr avait exig\u00e9 l\u2019ouverture sur d\u2019autres langues apr\u00e8s avoir ma\u00eetris\u00e9 les langues nationales, sachant que l\u2019universit\u00e9 avait sign\u00e9 un certain nombre de partenariats avec de grands instituts nationaux et \u00e9trangers pour l\u2019apprentissage des langues vivantes, notamment l\u2019anglais, le fran\u00e7ais, l\u2019espagnol, le chinois, le russe, le polonais, le japonais, en plus d\u2019une s\u00e9rie de le\u00e7ons, de formations et d\u2019activit\u00e9s culturelles qui s\u2019ins\u00e8rent dans la motivation des \u00e9tudiants et son int\u00e9gration dans son entourage social.<\/p>\n<p class=\"c4\">Par ailleurs, en ce qui concerne le rel\u00e8vement des services et le rehaussement de la gouvernance, Dr Ahmed Belcadi n\u2019a pas manqu\u00e9 de mettre en valeur l\u2019importance de l\u2019insertion des nouvelles technologies dans les op\u00e9rations de l\u2019inscription \u00e0 distance et au cours des le\u00e7ons universitaires, tout en insistant sur la n\u00e9cessit\u00e9 d\u2019inciter \u00e0 la recherche, \u00e0 la productivit\u00e9 et \u00e0 l\u2019innovation, \u00e0 travers la mise en place des structures et la pr\u00e9paration des espaces idoines. Dans ce sens, la Facult\u00e9 des lettres et sciences humaines d\u2019Agadir a r\u00e9cemment tenu \u00abjourn\u00e9e d\u2019accueil des \u00e9tudiants\u00bb, du 22 au 29 juillet pr\u00e9c\u00e9dent afin d\u2019orienter le nouvel \u00e9tudiant et lui pr\u00e9senter toutes les informations relatives aux sp\u00e9cialit\u00e9s que regroupe la facult\u00e9, ainsi que la facilitation de l\u2019op\u00e9ration de l\u2019inscription des \u00e9tudiants dans les disciplines choisis, avec l\u2019encadrement d\u2019un groupe sp\u00e9cialis\u00e9 de l\u2019accompagnement universitaire. De m\u00eame, la facult\u00e9 pr\u00e9voit en ce d\u00e9but de septembre une autre semaine d\u2019inscription, d\u2019orientation et d\u2019accueil des \u00e9tudiants pour que ceux qui n\u2019ont pas pu s\u2019inscrire puissent le faire.<\/p>\n<p class=\"c5\"><strong>Saoudi El Amalki<\/strong><\/p>\n<p>Auteur: M&rsquo;hammed rahal<br \/>\n<a href=\"http:\/\/albayane.press.ma\/faculte-des-lettres-dagadir-une-rentree-sous-le-signe-de-la-renovation.html\">Cliquez ici pour lire l&rsquo;article depuis sa source.<\/a><\/p>\n","protected":false},"excerpt":{"rendered":"<p>Sous le signe de \u00abqualit\u00e9 de la formation et de la recherche scientifique\u00bb, la Facult\u00e9 des lettres et des sciences humaines, relevant de l\u2019universit\u00e9 Ibn Zohr d\u2019Agadir s\u2019attelle, sans rel\u00e2che, \u00e0 r\u00e9unir les conditions optimales pour la rentr\u00e9e universitaire de l\u2019ann\u00e9e 2019\/2019. Comme \u00e0 l\u2019accoutum\u00e9e, le staff administratif, conduit par Dr Ahmed Belcadi, l\u2019inusable doyen [&hellip;]<\/p>\n","protected":false},"author":1760,"featured_media":0,"comment_status":"closed","ping_status":"closed","sticky":false,"template":"","format":"standard","meta":{"fifu_image_url":"","fifu_image_alt":"","footnotes":""},"categories":[73,54],"tags":[],"class_list":["post-60161","post","type-post","status-publish","format-standard","hentry","category-actualite","category-maroc"],"_links":{"self":[{"href":"https:\/\/linitiative.ca\/International\/wp-json\/wp\/v2\/posts\/60161","targetHints":{"allow":["GET"]}}],"collection":[{"href":"https:\/\/linitiative.ca\/International\/wp-json\/wp\/v2\/posts"}],"about":[{"href":"https:\/\/linitiative.ca\/International\/wp-json\/wp\/v2\/types\/post"}],"author":[{"embeddable":true,"href":"https:\/\/linitiative.ca\/International\/wp-json\/wp\/v2\/users\/1760"}],"replies":[{"embeddable":true,"href":"https:\/\/linitiative.ca\/International\/wp-json\/wp\/v2\/comments?post=60161"}],"version-history":[{"count":0,"href":"https:\/\/linitiative.ca\/International\/wp-json\/wp\/v2\/posts\/60161\/revisions"}],"wp:attachment":[{"href":"https:\/\/linitiative.ca\/International\/wp-json\/wp\/v2\/media?parent=60161"}],"wp:term":[{"taxonomy":"category","embeddable":true,"href":"https:\/\/linitiative.ca\/International\/wp-json\/wp\/v2\/categories?post=60161"},{"taxonomy":"post_tag","embeddable":true,"href":"https:\/\/linitiative.ca\/International\/wp-json\/wp\/v2\/tags?post=60161"}],"curies":[{"name":"wp","href":"https:\/\/api.w.org\/{rel}","templated":true}]}}