{"id":60196,"date":"2019-09-04T20:00:00","date_gmt":"2019-09-05T00:00:00","guid":{"rendered":"https:\/\/linitiative.ca\/International\/commentaire-rigueur-et-rationalite\/"},"modified":"2019-09-04T20:00:00","modified_gmt":"2019-09-05T00:00:00","slug":"commentaire-rigueur-et-rationalite","status":"publish","type":"post","link":"https:\/\/linitiative.ca\/International\/commentaire-rigueur-et-rationalite\/","title":{"rendered":"Commentaire : Rigueur  et rationalit\u00e9"},"content":{"rendered":"<p>La politique \u00e9conomique revient au-devant de l\u2019actualit\u00e9 nationale \u00e0 l\u2019occasion de la rentr\u00e9e sociale et la pr\u00e9paration de la loi des finances 2020.<\/p>\n<p>La rigueur et la rationalit\u00e9 sont les deux principes essentiel retenus dans l\u2019\u00e9laboration de ce projet de texte qui r\u00e9gira les finances du pays au cours de l\u2019ann\u00e9e prochaine. Un projet d\u2019une importance capitale sur lequel planche actuellement le gouvernement et dont la tendance g\u00e9n\u00e9rale et les contours commencent \u00e0 se dessiner au fil des semaines. Ce qui reste ind\u00e9niable, c\u2019est l\u2019option de la rigueur et la rationalit\u00e9 qui doit marquer la pr\u00e9paration et l\u2019\u00e9laboration de cette loi tr\u00e8s attendue en raison de son caract\u00e8re strat\u00e9gique.<\/p>\n<p>Cette orientation a d\u2019ailleurs \u00e9t\u00e9 rappel\u00e9e par le chef de l\u2019Etat au cours de l\u2019audience qu\u2019il a accord\u00e9e au Premier ministre, il y a deux jours, lorsque la question a \u00e9t\u00e9 abord\u00e9e. L\u2019occasion pour le chef de l\u2019Etat, Abdelkader Bensalah de donner des instructions et orientations au gouvernement sur la gestion budg\u00e9taire, les d\u00e9penses publiques et la conduite \u00e9conomique du pays.\u00a0<\/p>\n<p>Dans la phase actuelle, la r\u00e9sorption du d\u00e9ficit budg\u00e9taire et la ma\u00eetrise des d\u00e9penses publiques apparaissent comme des priorit\u00e9s importantes pour l\u2019ex\u00e9cutif qui travaille inlassablement pour le maintien des \u00e9quilibres financiers et budg\u00e9taires du pays dans un contexte \u00e9conomique national et international difficile. Cette politique financi\u00e8re adopt\u00e9e par le gouvernement est dict\u00e9e par l\u2019imp\u00e9ratif de maintenir la dynamique \u00e9conomique et la prise en charge des pr\u00e9occupations des citoyens tout en \u0153uvrant pour la pr\u00e9servation des r\u00e9serves de change strat\u00e9giques dont dispose le pays. A pr\u00e9sent , le gouvernement privil\u00e9gie une nouvelle approche dans la conduite des affaires \u00e9conomiques du pays en adoptant une d\u00e9marche bas\u00e9e essentiellement sur la rigueur et la rationalit\u00e9 dans la gestion des ressources financi\u00e8res du pays, stabilit\u00e9 des grands \u00e9quilibres macro\u00e9conomiques.<\/p>\n<p>Dans sa nouvelle strat\u00e9gie imprim\u00e9e, l\u2019ex\u00e9cutif a \u00e9t\u00e9 instruit afin d\u2019\u00e9viter, notamment les d\u00e9penses \u00e9conomiques et sociales injustifi\u00e9es particuli\u00e8rement celles li\u00e9es au fonctionnement des administrations et entreprises publiques. C\u2019est lors d\u2019une r\u00e9union du gouvernement tenue en ao\u00fbt dernier que le Premier ministre avait d\u00e9cid\u00e9 l&rsquo;adoption de cette nouvelle approche de gestion \u00e9conomique . Une approche qui prend en consid\u00e9ration la situation de la finance publique surtout apr\u00e8s le gel du financement non conventionnel. Le gouvernement pr\u00e9conise la collecte de fa\u00e7on syst\u00e9matique de toutes les recettes publiques et ce en prenant en consid\u00e9ration tous les aspects de la gestion de<\/p>\n<p>tous les secteurs \u00e9conomiques, notamment. A la m\u00eame occasion, le Premier ministre avait \u00e9galement ordonn\u00e9 la mise en place d&rsquo;une \u00e9quipe de travail dont la mission est de faire des propositions de mesures d&rsquo;urgence pour augmenter le niveau de recouvrement des recettes publiques de l&rsquo;Etat \u00e0 l\u2019image de la fiscalit\u00e9 ordinaire et des recettes des biens publics. Cette d\u00e9marche est pr\u00e9conis\u00e9e en attendant la concr\u00e9tisation de la modernisation de l&rsquo;administration fiscale et des biens de l&rsquo;Etat, projet en cours de mise en \u0153uvre. Ces actions vont certainement permettre d\u2019augmenter les recettes publics de l\u2019\u00e9tat et contribuer au financement des projets d\u2019utilit\u00e9 \u00e9conomique. Un apport financier inestimable dans une conjoncture \u00e9conomique marqu\u00e9e par l\u2019instabilit\u00e9 des prix des hydrocarbures.\u00a0<\/p>\n<p>Sur un autre plan, il est important \u00e0 signaler avec force que cette nouvelle approche n\u2019\u00e9liminera pas le volet social de la politique de l\u2019Etat dans le texte en pr\u00e9paration, bien au contraire les aides et les subventions accord\u00e9es aux couches d\u00e9munies ne seront maintenues et m\u00eame renforc\u00e9es. La\u2008politique sociale sera reconduite et consolid\u00e9e pour r\u00e9affirmer la d\u00e9termination de l\u2019Etat de maintenir le soutien et l\u2019accompagnement des couches d\u00e9favoris\u00e9es. La\u2008protection sociale demeure un des axes importants de la politique de l\u2019\u00e9tat. Ce caract\u00e8re sera r\u00e9affirm\u00e9 avec force dans le projet de loi des finances 2020 \u00e0 travers des mesures sociales dont l\u2019objectif essentiel reste la protection du pouvoir d\u2019achat des populations et le soutien par les multiples aides accord\u00e9es aux citoyens socialement. C\u2019est dans ce registre qu\u2019il faut mettre la r\u00e9cente d\u00e9cision prise par le gouvernement d\u2019augmenter la prime de solidarit\u00e9 scolaire qui passe de 3.000 DA \u00e0 5.000 DA dont b\u00e9n\u00e9ficie plus de trois millions d\u2019\u00e9l\u00e8ves. Une mesure audacieuse intervenue au bon moment, quelques jours seulement avant la rentr\u00e9e scolaire, pour soulager les parents d\u2019\u00e9l\u00e8ves et leur permettre de faire face aux d\u00e9penses relatives aux affaires scolaires. La politique de protection sociale restera un acquis important sur lequel veille constamment les pouvoirs publics. Elle est consid\u00e9r\u00e9e comme un axe strat\u00e9gique dans la politique de l\u2019Etat.<\/p>\n<p><strong>M. Oumalek<\/strong><\/p>\n<p>Auteur: elmoudjahid<br \/>\n<a href=\"http:\/\/www.elmoudjahid.com\/fr\/actualites\/141666\">Cliquez ici pour lire l&rsquo;article depuis sa source.<\/a><\/p>\n","protected":false},"excerpt":{"rendered":"<p>La politique \u00e9conomique revient au-devant de l\u2019actualit\u00e9 nationale \u00e0 l\u2019occasion de la rentr\u00e9e sociale et la pr\u00e9paration de la loi des finances 2020. La rigueur et la rationalit\u00e9 sont les deux principes essentiel retenus dans l\u2019\u00e9laboration de ce projet de texte qui r\u00e9gira les finances du pays au cours de l\u2019ann\u00e9e prochaine. Un projet d\u2019une [&hellip;]<\/p>\n","protected":false},"author":1744,"featured_media":0,"comment_status":"closed","ping_status":"closed","sticky":false,"template":"","format":"standard","meta":{"fifu_image_url":"","fifu_image_alt":"","footnotes":""},"categories":[73,53],"tags":[],"class_list":["post-60196","post","type-post","status-publish","format-standard","hentry","category-actualite","category-algerie"],"_links":{"self":[{"href":"https:\/\/linitiative.ca\/International\/wp-json\/wp\/v2\/posts\/60196","targetHints":{"allow":["GET"]}}],"collection":[{"href":"https:\/\/linitiative.ca\/International\/wp-json\/wp\/v2\/posts"}],"about":[{"href":"https:\/\/linitiative.ca\/International\/wp-json\/wp\/v2\/types\/post"}],"author":[{"embeddable":true,"href":"https:\/\/linitiative.ca\/International\/wp-json\/wp\/v2\/users\/1744"}],"replies":[{"embeddable":true,"href":"https:\/\/linitiative.ca\/International\/wp-json\/wp\/v2\/comments?post=60196"}],"version-history":[{"count":0,"href":"https:\/\/linitiative.ca\/International\/wp-json\/wp\/v2\/posts\/60196\/revisions"}],"wp:attachment":[{"href":"https:\/\/linitiative.ca\/International\/wp-json\/wp\/v2\/media?parent=60196"}],"wp:term":[{"taxonomy":"category","embeddable":true,"href":"https:\/\/linitiative.ca\/International\/wp-json\/wp\/v2\/categories?post=60196"},{"taxonomy":"post_tag","embeddable":true,"href":"https:\/\/linitiative.ca\/International\/wp-json\/wp\/v2\/tags?post=60196"}],"curies":[{"name":"wp","href":"https:\/\/api.w.org\/{rel}","templated":true}]}}