{"id":60197,"date":"2019-09-04T20:00:00","date_gmt":"2019-09-05T00:00:00","guid":{"rendered":"https:\/\/linitiative.ca\/International\/algerie-indonesie-une-delegation-de-la-cour-constitutionnelle-indonesienne-en-visite-officielle\/"},"modified":"2019-09-04T20:00:00","modified_gmt":"2019-09-05T00:00:00","slug":"algerie-indonesie-une-delegation-de-la-cour-constitutionnelle-indonesienne-en-visite-officielle","status":"publish","type":"post","link":"https:\/\/linitiative.ca\/International\/algerie-indonesie-une-delegation-de-la-cour-constitutionnelle-indonesienne-en-visite-officielle\/","title":{"rendered":"Alg\u00e9rie &#8211; Indon\u00e9sie :  Une d\u00e9l\u00e9gation de la Cour constitutionnelle indon\u00e9sienne en visite officielle"},"content":{"rendered":"<div class=\"TxArtcile\" readability=\"16\">\n<p>Une d\u00e9l\u00e9gation de la Cour constitutionnelle indon\u00e9sienne entamera aujourd\u2019hui une visite officielle en Alg\u00e9rie dans le cadre de la coop\u00e9ration entre les institutions constitutionnelles des deux pays.\u00a0<\/p>\n<p>Dans le cadre de cette visite, le pr\u00e9sident du Conseil constitutionnel, Kamel Fenniche, recevra le vice-pr\u00e9sident de la Cour constitutionnelle indon\u00e9sienne, le Pr Aswanto.<\/p>\n<\/div>\n<div class=\"ModliArtilUne\">\n<ul>\n<li><strong>Publi\u00e9 dans :<\/strong><\/li>\n<\/ul>\n<\/div>\n<div class=\"MbComIns\" id=\"newcom\" readability=\"5.69402985075\">\n<h6>DONNEZ VOTRE AVIS<\/h6>\n<p>Il n&rsquo;y a actuellement aucune r\u00e9action \u00e0 cette information. Soyez le premier \u00e0 r\u00e9agir !<\/p>\n<p><a href=\"\" rel=\"#popup\" class=\"login resetbutton\">Identifiez-vous<\/a><a class=\"button\" href=\"http:\/\/www.elmoudjahid.com\/fr\/inscription\/\"><span>S&rsquo;inscrire<\/span><\/a><\/p>\n<\/div>\n<p>Auteur: elmoudjahid<br \/>\n<a href=\"http:\/\/www.elmoudjahid.com\/fr\/actualites\/141667\">Cliquez ici pour lire l&rsquo;article depuis sa source.<\/a><\/p>\n","protected":false},"excerpt":{"rendered":"<p>Une d\u00e9l\u00e9gation de la Cour constitutionnelle indon\u00e9sienne entamera aujourd\u2019hui une visite officielle en Alg\u00e9rie dans le cadre de la coop\u00e9ration entre les institutions constitutionnelles des deux pays.\u00a0 Dans le cadre de cette visite, le pr\u00e9sident du Conseil constitutionnel, Kamel Fenniche, recevra le vice-pr\u00e9sident de la Cour constitutionnelle indon\u00e9sienne, le Pr Aswanto. Publi\u00e9 dans : DONNEZ [&hellip;]<\/p>\n","protected":false},"author":1744,"featured_media":0,"comment_status":"closed","ping_status":"closed","sticky":false,"template":"","format":"standard","meta":{"fifu_image_url":"","fifu_image_alt":"","footnotes":""},"categories":[73,53],"tags":[],"class_list":["post-60197","post","type-post","status-publish","format-standard","hentry","category-actualite","category-algerie"],"_links":{"self":[{"href":"https:\/\/linitiative.ca\/International\/wp-json\/wp\/v2\/posts\/60197","targetHints":{"allow":["GET"]}}],"collection":[{"href":"https:\/\/linitiative.ca\/International\/wp-json\/wp\/v2\/posts"}],"about":[{"href":"https:\/\/linitiative.ca\/International\/wp-json\/wp\/v2\/types\/post"}],"author":[{"embeddable":true,"href":"https:\/\/linitiative.ca\/International\/wp-json\/wp\/v2\/users\/1744"}],"replies":[{"embeddable":true,"href":"https:\/\/linitiative.ca\/International\/wp-json\/wp\/v2\/comments?post=60197"}],"version-history":[{"count":0,"href":"https:\/\/linitiative.ca\/International\/wp-json\/wp\/v2\/posts\/60197\/revisions"}],"wp:attachment":[{"href":"https:\/\/linitiative.ca\/International\/wp-json\/wp\/v2\/media?parent=60197"}],"wp:term":[{"taxonomy":"category","embeddable":true,"href":"https:\/\/linitiative.ca\/International\/wp-json\/wp\/v2\/categories?post=60197"},{"taxonomy":"post_tag","embeddable":true,"href":"https:\/\/linitiative.ca\/International\/wp-json\/wp\/v2\/tags?post=60197"}],"curies":[{"name":"wp","href":"https:\/\/api.w.org\/{rel}","templated":true}]}}