{"id":60222,"date":"2019-09-05T06:55:00","date_gmt":"2019-09-05T10:55:00","guid":{"rendered":"https:\/\/linitiative.ca\/International\/plusieurs-militants-de-lassociation-raj-arretes-a-bejaia\/"},"modified":"2019-09-05T06:55:00","modified_gmt":"2019-09-05T10:55:00","slug":"plusieurs-militants-de-lassociation-raj-arretes-a-bejaia","status":"publish","type":"post","link":"https:\/\/linitiative.ca\/International\/plusieurs-militants-de-lassociation-raj-arretes-a-bejaia\/","title":{"rendered":"Plusieurs militants de l\u2019association RAJ arr\u00eat\u00e9s \u00e0 B\u00e9jaia"},"content":{"rendered":"<h4 class=\"title-14\"\/>\n<div class=\"featured_image\"><img width=\"960\" height=\"519\" data-cfsrc=\"https:\/\/www.elwatan.com\/wp-content\/uploads\/2019\/09\/RAJ.jpg\" class=\"attachment-post-thumbnail size-post-thumbnail wp-post-image c2\" alt=\"La police emp\u00eache l\u2019universit\u00e9 d\u2019\u00e9t\u00e9 du RAJ \u00e0 B\u00e9jaia, plusieurs militants arr\u00eat\u00e9s\" srcset=\"https:\/\/www.elwatan.com\/wp-content\/uploads\/2019\/09\/RAJ.jpg 960w, https:\/\/www.elwatan.com\/wp-content\/uploads\/2019\/09\/RAJ-300x162.jpg 300w, https:\/\/www.elwatan.com\/wp-content\/uploads\/2019\/09\/RAJ-768x415.jpg 768w\" sizes=\"(max-width: 960px) 100vw, 960px\"\/><noscript><\/p>\n<p><img loading=\"lazy\" decoding=\"async\" width=\"960\" height=\"519\" src=\"https:\/\/www.elwatan.com\/wp-content\/uploads\/2019\/09\/RAJ.jpg\" class=\"attachment-post-thumbnail size-post-thumbnail wp-post-image\" alt=\"La police emp\u00eache l\u2019universit\u00e9 d\u2019\u00e9t\u00e9 du RAJ \u00e0 B\u00e9jaia, plusieurs militants arr\u00eat\u00e9s\" srcset=\"https:\/\/www.elwatan.com\/wp-content\/uploads\/2019\/09\/RAJ.jpg 960w, https:\/\/www.elwatan.com\/wp-content\/uploads\/2019\/09\/RAJ-300x162.jpg 300w, https:\/\/www.elwatan.com\/wp-content\/uploads\/2019\/09\/RAJ-768x415.jpg 768w\" sizes=\"auto, (max-width: 960px) 100vw, 960px\"\/><\/p>\n<p><\/noscript><\/div>\n<p>Les forces de s\u00e9curit\u00e9 ont emp\u00each\u00e9, aujourd\u2019hui jeudi, la tenue de l\u2019universit\u00e9 d\u2019\u00e9t\u00e9 de l\u2019association Rassemblement-Action-jeunesse (RAJ). Plusieurs militants dont le pr\u00e9sident de RAJ, Abdelouahab Fersaoui, ont \u00e9t\u00e9 arr\u00eat\u00e9s.<\/p>\n<p>Il \u00e9tait environ 9h00 quand les forces de police commencent \u00e0 investir la place Patrice Lumumba \u00e0 B\u00e9ja\u00efa, \u00e0 50m de la Place du 1<sup>er<\/sup> novembre (ex Guydon), o\u00f9 devait se tenir \u201cl\u2019Universit\u00e9 populaire d\u2019\u00e9t\u00e9\u201d de l\u2019association. <em>\u00abOn nous a d\u2019abord demand\u00e9 d\u2019enlever les banderoles. On s\u2019est ex\u00e9cut\u00e9 lentement afin de gagner du temps pour que nos amis arrivent. Puis ce sont les chaises qui posaient probl\u00e8me. On les a \u00e9galement enlev\u00e9s. Les policiers nous ont finalement demand\u00e9 de d\u00e9brancher la sono\u00bb,<\/em> raconte le militant Ahcene Kadi.<\/p>\n<p>Selon lui, il y a eu un renfort de police et c\u2019est l\u00e0 que les interpellations ont commenc\u00e9. <a href=\"https:\/\/www.elwatan.com\/edition\/actualite\/bejaia-raj-tiendra-son-universite-populaire-03-09-2019\">Fersaoui Abdelouahab<\/a> pr\u00e9sident du RAJ a \u00e9t\u00e9 interpell\u00e9 alors qu\u2019il pronon\u00e7ait son discours.\u00a0 Fouad Ouicher, SG , Kamel Nemmiche Tr\u00e9sorier, et d\u2019autres membres de l\u2019association ont \u00e9t\u00e9 \u00e9galement arr\u00eat\u00e9s. <em>\u00abCertains citoyens qui regardaient de loin ont \u00e9galement \u00e9t\u00e9 interpell\u00e9s\u00bb,<\/em> ajoute la m\u00eame source.<\/p>\n<p>Un rassemblement pour d\u00e9noncer la r\u00e9pression et l\u2019interpellation des militants du Raj se tient en ce moment \u00e0 la placette Said Mekbel \u00e0 Bejaia.<\/p>\n<p><img class=\"aligncenter size-large wp-image-603211 c2\" data-cfsrc=\"https:\/\/www.elwatan.com\/wp-content\/uploads\/2019\/09\/Arestation-Fersaoui-549x1024.jpg\" alt=\"\" width=\"549\" height=\"1024\"\/><\/p>\n<p><noscript><\/p>\n<p><img loading=\"lazy\" decoding=\"async\" class=\"aligncenter size-large wp-image-603211\" src=\"https:\/\/www.elwatan.com\/wp-content\/uploads\/2019\/09\/Arestation-Fersaoui-549x1024.jpg\" alt=\"\" width=\"549\" height=\"1024\"\/><\/p>\n<p><\/noscript><\/p>\n<p>La raison \u00e9voqu\u00e9e par les forces de l\u2019ordre\u00a0: absence d\u2019une autorisation pour tenir l\u2019universit\u00e9 populaire. \u00abNous avons demand\u00e9 une autorisation pour tenir notre universit\u00e9 d\u2019\u00e9t\u00e9 \u00e0 Tichy, mais celle-ci nous a \u00e9t\u00e9 refus\u00e9. Nous avons alors d\u00e9cid\u00e9 de la \u2018\u2019transformer\u2019\u2019 en universit\u00e9 populaire\u00bb, explique Ahcene Kadi.<\/p>\n<p>Vers 14h, les personnes arr\u00eat\u00e9es \u00e0 l\u2019ouverture de l\u2019universit\u00e9 populaire du Rassemblement action-jeunesse (RAJ), dont le pr\u00e9sident de l\u2019association, Abdelouahab Fersaoui et d\u2019autres militants ont \u00e9t\u00e9 rel\u00e2ch\u00e9s.<\/p>\n<p><iframe loading=\"lazy\" class=\"c9\" src=\"https:\/\/www.facebook.com\/plugins\/video.php?href=https%3A%2F%2Fwww.facebook.com%2FRajAlgerie%2Fvideos%2F525114498253538%2F&#038;show_text=0&#038;width=267\" width=\"267\" height=\"476\" frameborder=\"0\" scrolling=\"no\" allowfullscreen=\"allowfullscreen\">[embedded content]<\/iframe><\/p>\n<p><span class=\"post-views-label\">Post Views:<\/span> <span class=\"post-views-count\">2\u00a0226<\/span><\/p>\n<p><br class=\"c4\"\/><\/p>\n<p>Auteur: Farouk Djouadi<br \/>\n<a href=\"https:\/\/www.elwatan.com\/edition\/actualite\/la-police-empeche-luniversite-dete-du-raj-a-bejaia-plusieurs-militants-arretes-05-09-2019\">Cliquez ici pour lire l&rsquo;article depuis sa source.<\/a><\/p>\n","protected":false},"excerpt":{"rendered":"<p>Les forces de s\u00e9curit\u00e9 ont emp\u00each\u00e9, aujourd\u2019hui jeudi, la tenue de l\u2019universit\u00e9 d\u2019\u00e9t\u00e9 de l\u2019association Rassemblement-Action-jeunesse (RAJ). Plusieurs militants dont le pr\u00e9sident de RAJ, Abdelouahab Fersaoui, ont \u00e9t\u00e9 arr\u00eat\u00e9s. Il \u00e9tait environ 9h00 quand les forces de police commencent \u00e0 investir la place Patrice Lumumba \u00e0 B\u00e9ja\u00efa, \u00e0 50m de la Place du 1er novembre [&hellip;]<\/p>\n","protected":false},"author":1743,"featured_media":60223,"comment_status":"closed","ping_status":"closed","sticky":false,"template":"","format":"standard","meta":{"fifu_image_url":"","fifu_image_alt":"","footnotes":""},"categories":[73,53],"tags":[],"class_list":["post-60222","post","type-post","status-publish","format-standard","has-post-thumbnail","hentry","category-actualite","category-algerie"],"_links":{"self":[{"href":"https:\/\/linitiative.ca\/International\/wp-json\/wp\/v2\/posts\/60222","targetHints":{"allow":["GET"]}}],"collection":[{"href":"https:\/\/linitiative.ca\/International\/wp-json\/wp\/v2\/posts"}],"about":[{"href":"https:\/\/linitiative.ca\/International\/wp-json\/wp\/v2\/types\/post"}],"author":[{"embeddable":true,"href":"https:\/\/linitiative.ca\/International\/wp-json\/wp\/v2\/users\/1743"}],"replies":[{"embeddable":true,"href":"https:\/\/linitiative.ca\/International\/wp-json\/wp\/v2\/comments?post=60222"}],"version-history":[{"count":0,"href":"https:\/\/linitiative.ca\/International\/wp-json\/wp\/v2\/posts\/60222\/revisions"}],"wp:featuredmedia":[{"embeddable":true,"href":"https:\/\/linitiative.ca\/International\/wp-json\/"}],"wp:attachment":[{"href":"https:\/\/linitiative.ca\/International\/wp-json\/wp\/v2\/media?parent=60222"}],"wp:term":[{"taxonomy":"category","embeddable":true,"href":"https:\/\/linitiative.ca\/International\/wp-json\/wp\/v2\/categories?post=60222"},{"taxonomy":"post_tag","embeddable":true,"href":"https:\/\/linitiative.ca\/International\/wp-json\/wp\/v2\/tags?post=60222"}],"curies":[{"name":"wp","href":"https:\/\/api.w.org\/{rel}","templated":true}]}}