{"id":60263,"date":"2019-09-05T15:50:02","date_gmt":"2019-09-05T19:50:02","guid":{"rendered":"https:\/\/linitiative.ca\/International\/soudan-abdallah-hamdok-devoile-le-premier-gouvernement-post-bechir\/"},"modified":"2019-09-05T15:50:02","modified_gmt":"2019-09-05T19:50:02","slug":"soudan-abdallah-hamdok-devoile-le-premier-gouvernement-post-bechir","status":"publish","type":"post","link":"https:\/\/linitiative.ca\/International\/soudan-abdallah-hamdok-devoile-le-premier-gouvernement-post-bechir\/","title":{"rendered":"Soudan: Abdallah Hamdok d\u00e9voile le premier gouvernement post-B\u00e9chir"},"content":{"rendered":"<div readability=\"32\">\n<p>Publi\u00e9 le 05.09.2019 \u00e0 20h50 par AFP<\/p>\n<\/div>\n<div readability=\"110\">\n<p>Le premier gouvernement au Soudan depuis la chute en avril du pr\u00e9sident Omar el-B\u00e9chir a \u00e9t\u00e9 d\u00e9voil\u00e9 jeudi, une \u00e9tape majeure en plein processus de transition avec la mise en place d\u2019institutions devant mener \u00e0 un pouvoir civil apr\u00e8s des d\u00e9cennies de r\u00e9gime autoritaire.<\/p>\n<p>Apr\u00e8s un report de plusieurs jours, l\u2019annonce du gouvernement a finalement \u00e9t\u00e9 faite jeudi soir en conf\u00e9rence de presse \u00e0 Khartoum par son chef, Abdallah Hamdok, un \u00e9conomiste chevronn\u00e9 qui a \u00e9t\u00e9 intronis\u00e9 le 21 ao\u00fbt.<\/p>\n<p>\u00ab\u00a0Nous entamons ce jour une \u00e8re nouvelle\u00a0\u00bb, a-t-il dit en annon\u00e7ant un gouvernement compos\u00e9 de 18 membres dont quatre femmes, notamment la ministre des Affaires \u00e9trang\u00e8res Asma Mohamed Abdallah, selon un correspondant de l\u2019AFP.<\/p>\n<p>\u00ab\u00a0La premi\u00e8re priorit\u00e9 du gouvernement de transition est de mettre un terme \u00e0 la guerre et de construire une paix durable\u00a0\u00bb, en r\u00e9f\u00e9rence aux conflits qui rongent les Etats du Darfour, du Nil Bleu et du Kordofan-Sud.<\/p>\n<p>Des rebelles de ces r\u00e9gions marginalis\u00e9es se sont battus pendant des ann\u00e9es contre le r\u00e9gime d\u2019Omar el-B\u00e9chir, renvers\u00e9 apr\u00e8s quatre mois de manifestations in\u00e9dites d\u00e9clench\u00e9es en d\u00e9cembre par le triplement du prix du pain.<\/p>\n<p>Apr\u00e8s la signature le 17 ao\u00fbt d\u2019un accord entre le Conseil militaire de transition, qui avait succ\u00e9d\u00e9 \u00e0 M. B\u00e9chir, et les meneurs de la contestation, le Soudan s\u2019est dot\u00e9 d\u2019un Conseil souverain, une instance \u00e0 majorit\u00e9 civile mais dirig\u00e9e par un militaire, qui doit superviser la transition.<\/p>\n<p>\u2013 Relever l\u2019\u00e9conomie \u2013<\/p>\n<p>Cet accord historique, qui trace les grandes lignes d\u2019une p\u00e9riode de transition devant durer un peu plus de trois ans et ouvrir la voie \u00e0 des \u00e9lections d\u00e9mocratiques, inclut notamment la n\u00e9cessit\u00e9 de signer des accords de paix avec les groupes rebelles.<\/p>\n<p>Quatre groupes rebelles au Darfour (ouest) ont annonc\u00e9 fin ao\u00fbt qu\u2019ils \u00ab\u00a0n\u00e9gocieraient avec les autorit\u00e9s de transition\u00a0\u00bb en adoptant une position commune, sans donner plus de d\u00e9tails.<\/p>\n<p>L\u2019autre d\u00e9fi du gouvernement sera de relever l\u2019\u00e9conomie d\u2019un pays ayant notamment souffert de deux d\u00e9cennies de sanctions am\u00e9ricaines.<\/p>\n<p>Washington a lev\u00e9 l\u2019embargo en 2017 tout en maintenant le Soudan sur sa liste noire des \u00ab\u00a0Etats soutenant le terrorisme\u00a0\u00bb.<\/p>\n<p>Il va devoir aussi mettre fin \u00e0 la corruption et d\u00e9manteler l\u2019Etat profond \u00e9tabli par les islamistes ayant soutenu le coup d\u2019Etat de M. B\u00e9chir en 1989.<\/p>\n<p>L\u2019annonce d\u2019un nouveau gouvernement avait \u00e9t\u00e9 report\u00e9e plusieurs fois pour donner le temps au Premier ministre de choisir parmi les noms propos\u00e9s par les Forces pour la libert\u00e9 et le changement (FLC), fer de lance de la contestation, et par les militaires ayant succ\u00e9d\u00e9 \u00e0 M. B\u00e9chir.<\/p>\n<p>Ancien collaborateur de l\u2019ONU, M. Hamdok voulait notamment former \u00ab\u00a0un gouvernement plus repr\u00e9sentatif des diff\u00e9rents Etats du Soudan\u00a0\u00bb et garantir \u00ab\u00a0un \u00e9quilibre\u00a0\u00bb entre le nombre d\u2019hommes et de femmes, avait indiqu\u00e9 mardi le Conseil souverain.<\/p>\n<p>L\u2019\u00e9tape suivante de la transition, selon les termes de l\u2019accord, sera la constitution d\u2019un corps l\u00e9gislatif, moins de 90 jours apr\u00e8s sa signature. Cette assembl\u00e9e doit comporter 300 membres dont 201 issus des FLC.<\/p>\n<\/div>\n<p>Auteur: AFP<br \/>\n<a href=\"https:\/\/www.journalducameroun.com\/soudan-abdallah-hamdok-devoile-le-premier-gouvernement-post-bechir\/\">Cliquez ici pour lire l&rsquo;article depuis sa source.<\/a><\/p>\n","protected":false},"excerpt":{"rendered":"<p>Publi\u00e9 le 05.09.2019 \u00e0 20h50 par AFP Le premier gouvernement au Soudan depuis la chute en avril du pr\u00e9sident Omar el-B\u00e9chir a \u00e9t\u00e9 d\u00e9voil\u00e9 jeudi, une \u00e9tape majeure en plein processus de transition avec la mise en place d\u2019institutions devant mener \u00e0 un pouvoir civil apr\u00e8s des d\u00e9cennies de r\u00e9gime autoritaire. Apr\u00e8s un report de [&hellip;]<\/p>\n","protected":false},"author":1965,"featured_media":0,"comment_status":"closed","ping_status":"closed","sticky":false,"template":"","format":"standard","meta":{"fifu_image_url":"","fifu_image_alt":"","footnotes":""},"categories":[73,82],"tags":[],"class_list":["post-60263","post","type-post","status-publish","format-standard","hentry","category-actualite","category-cameroun"],"_links":{"self":[{"href":"https:\/\/linitiative.ca\/International\/wp-json\/wp\/v2\/posts\/60263","targetHints":{"allow":["GET"]}}],"collection":[{"href":"https:\/\/linitiative.ca\/International\/wp-json\/wp\/v2\/posts"}],"about":[{"href":"https:\/\/linitiative.ca\/International\/wp-json\/wp\/v2\/types\/post"}],"author":[{"embeddable":true,"href":"https:\/\/linitiative.ca\/International\/wp-json\/wp\/v2\/users\/1965"}],"replies":[{"embeddable":true,"href":"https:\/\/linitiative.ca\/International\/wp-json\/wp\/v2\/comments?post=60263"}],"version-history":[{"count":0,"href":"https:\/\/linitiative.ca\/International\/wp-json\/wp\/v2\/posts\/60263\/revisions"}],"wp:attachment":[{"href":"https:\/\/linitiative.ca\/International\/wp-json\/wp\/v2\/media?parent=60263"}],"wp:term":[{"taxonomy":"category","embeddable":true,"href":"https:\/\/linitiative.ca\/International\/wp-json\/wp\/v2\/categories?post=60263"},{"taxonomy":"post_tag","embeddable":true,"href":"https:\/\/linitiative.ca\/International\/wp-json\/wp\/v2\/tags?post=60263"}],"curies":[{"name":"wp","href":"https:\/\/api.w.org\/{rel}","templated":true}]}}