{"id":60285,"date":"2019-09-06T04:56:04","date_gmt":"2019-09-06T08:56:04","guid":{"rendered":"https:\/\/linitiative.ca\/International\/tunisie-rene-trabelsi-dici-fin-septembre-les-dedommagements-des-hotels-et-des-artisans-seront-decaisses\/"},"modified":"2019-09-06T04:56:04","modified_gmt":"2019-09-06T08:56:04","slug":"tunisie-rene-trabelsi-dici-fin-septembre-les-dedommagements-des-hotels-et-des-artisans-seront-decaisses","status":"publish","type":"post","link":"https:\/\/linitiative.ca\/International\/tunisie-rene-trabelsi-dici-fin-septembre-les-dedommagements-des-hotels-et-des-artisans-seront-decaisses\/","title":{"rendered":"Tunisie-Ren\u00e9 Trabelsi : \u201d D\u2019ici fin septembre, les d\u00e9dommagements des h\u00f4tels et des artisans seront d\u00e9caiss\u00e9s"},"content":{"rendered":"<div class=\"post-cont-in left relative\">\n<div class=\"swp_social_panel swp_horizontal_panel swp_flat_fresh swp_default_full_color swp_individual_full_color swp_other_full_color scale-100 scale-\" data-min-width=\"1100\" data-float-color=\"#ffffff\" data-float=\"none\" data-float-mobile=\"none\" data-transition=\"slide\">\n<div class=\"nc_tweetContainer swp_share_button total_shares total_sharesalt\"><span class=\"swp_count\">25 <span class=\"swp_label\">Partages<\/span><\/span><\/div>\n<\/div>\n<p>Le ministre du tourisme et de l\u2019artisanat, Ren\u00e9 Trabelsi a d\u00e9clar\u00e9 ce jeudi 5 septembre 2019 que le dossier des\u00a0d\u00e9dommagements des h\u00f4tels et des artisans ayant subi des d\u00e9g\u00e2ts \u00e0 cause des inondations qui ont eu lieu en\u00a0 septembre 2018 au gouvernorat de Nabeul, est actuellement dans sa derni\u00e8re phase.<br \/>En marge d\u2019une visite de travail effectu\u00e9e au gouvernorat de Nabeul, Trablesi a pr\u00e9cis\u00e9 que les indemnisations seront d\u00e9caiss\u00e9es dans un d\u00e9lai ne d\u00e9passant pas la fin du mois de septembre 2019.<\/p>\n<p><strong>Que se passe-t-il en Tunisie?<\/strong><br \/>Nous expliquons sur notre <a href=\"https:\/\/www.youtube.com\/channel\/UCRzypVq0B_yBad5eGrwBx0Q?sub_confirmation=1\" target=\"_blank\" rel=\"noopener noreferrer\">cha\u00eene YouTube<\/a> . <a href=\"https:\/\/www.youtube.com\/channel\/UCRzypVq0B_yBad5eGrwBx0Q?sub_confirmation=1\" target=\"_blank\" rel=\"noopener noreferrer\">Abonnez-vous!<\/a><\/p>\n<div class=\"mvp-org-wrap mvp-org-logo\" itemprop=\"publisher\" itemscope=\"\" itemtype=\"https:\/\/schema.org\/Organization\">\n<p><img decoding=\"async\" src=\"https:\/\/www.tunisienumerique.com\/wp-content\/uploads\/2017\/02\/logo_tunisie_numerique.png\"\/><\/p>\n<\/div>\n<div class=\"swp_social_panel swp_horizontal_panel swp_flat_fresh swp_default_full_color swp_individual_full_color swp_other_full_color scale-100 scale-\" data-min-width=\"1100\" data-float-color=\"#ffffff\" data-float=\"none\" data-float-mobile=\"none\" data-transition=\"slide\">\n<div class=\"nc_tweetContainer swp_share_button total_shares total_sharesalt\"><span class=\"swp_count\">25 <span class=\"swp_label\">Partages<\/span><\/span><\/div>\n<\/div>\n<div class=\"mvp-related-posts left relative\">\n<h4 class=\"post-header\"><span class=\"post-header\">Lire aussi<\/span><\/h4>\n<\/div>\n<\/div>\n<p>Auteur: Laameri Dorsaf<br \/>\n<a href=\"https:\/\/www.tunisienumerique.com\/tunisie-rene-trabelsi-dici-fin-septembre-les-dedommagements-des-hotels-et-des-artisans-seront-decaisses\/\">Cliquez ici pour lire l&rsquo;article depuis sa source.<\/a><\/p>\n","protected":false},"excerpt":{"rendered":"<p>25 Partages Le ministre du tourisme et de l\u2019artisanat, Ren\u00e9 Trabelsi a d\u00e9clar\u00e9 ce jeudi 5 septembre 2019 que le dossier des\u00a0d\u00e9dommagements des h\u00f4tels et des artisans ayant subi des d\u00e9g\u00e2ts \u00e0 cause des inondations qui ont eu lieu en\u00a0 septembre 2018 au gouvernorat de Nabeul, est actuellement dans sa derni\u00e8re phase.En marge d\u2019une visite [&hellip;]<\/p>\n","protected":false},"author":1789,"featured_media":60286,"comment_status":"closed","ping_status":"closed","sticky":false,"template":"","format":"standard","meta":{"fifu_image_url":"","fifu_image_alt":"","footnotes":""},"categories":[73,55],"tags":[],"class_list":["post-60285","post","type-post","status-publish","format-standard","has-post-thumbnail","hentry","category-actualite","category-tunisie"],"_links":{"self":[{"href":"https:\/\/linitiative.ca\/International\/wp-json\/wp\/v2\/posts\/60285","targetHints":{"allow":["GET"]}}],"collection":[{"href":"https:\/\/linitiative.ca\/International\/wp-json\/wp\/v2\/posts"}],"about":[{"href":"https:\/\/linitiative.ca\/International\/wp-json\/wp\/v2\/types\/post"}],"author":[{"embeddable":true,"href":"https:\/\/linitiative.ca\/International\/wp-json\/wp\/v2\/users\/1789"}],"replies":[{"embeddable":true,"href":"https:\/\/linitiative.ca\/International\/wp-json\/wp\/v2\/comments?post=60285"}],"version-history":[{"count":0,"href":"https:\/\/linitiative.ca\/International\/wp-json\/wp\/v2\/posts\/60285\/revisions"}],"wp:featuredmedia":[{"embeddable":true,"href":"https:\/\/linitiative.ca\/International\/wp-json\/"}],"wp:attachment":[{"href":"https:\/\/linitiative.ca\/International\/wp-json\/wp\/v2\/media?parent=60285"}],"wp:term":[{"taxonomy":"category","embeddable":true,"href":"https:\/\/linitiative.ca\/International\/wp-json\/wp\/v2\/categories?post=60285"},{"taxonomy":"post_tag","embeddable":true,"href":"https:\/\/linitiative.ca\/International\/wp-json\/wp\/v2\/tags?post=60285"}],"curies":[{"name":"wp","href":"https:\/\/api.w.org\/{rel}","templated":true}]}}