{"id":60290,"date":"2019-09-06T06:19:32","date_gmt":"2019-09-06T10:19:32","guid":{"rendered":"https:\/\/linitiative.ca\/International\/tunisie-deux-autobus-entierement-carbonises-au-centre-ville-de-djerba-midoun\/"},"modified":"2019-09-06T06:19:32","modified_gmt":"2019-09-06T10:19:32","slug":"tunisie-deux-autobus-entierement-carbonises-au-centre-ville-de-djerba-midoun","status":"publish","type":"post","link":"https:\/\/linitiative.ca\/International\/tunisie-deux-autobus-entierement-carbonises-au-centre-ville-de-djerba-midoun\/","title":{"rendered":"Tunisie- Deux autobus enti\u00e8rement carbonis\u00e9s au centre ville de Djerba-Midoun"},"content":{"rendered":"<div class=\"post-cont-in left relative\">\n<div class=\"swp_social_panel swp_horizontal_panel swp_flat_fresh swp_default_full_color swp_individual_full_color swp_other_full_color scale-100 scale-\" data-min-width=\"1100\" data-float-color=\"#ffffff\" data-float=\"none\" data-float-mobile=\"none\" data-transition=\"slide\">\n<div class=\"nc_tweetContainer swp_share_button total_shares total_sharesalt\"><span class=\"swp_count\">1 <span class=\"swp_label\">Partages<\/span><\/span><\/div>\n<\/div>\n<p>Deux autobus articul\u00e9s de la soci\u00e9t\u00e9 r\u00e9gionale de transport \u00e0 M\u00e9denine ont \u00e9t\u00e9, enti\u00e8rement, carbonis\u00e9s alors qu\u2019ils \u00e9taient stationn\u00e9s dans un parking, en centre ville de Djerba-Midoun.<\/p>\n<p>Un responsable \u00e0 la soci\u00e9t\u00e9 de transport, Chokri Jaziri a indiqu\u00e9, dans une d\u00e9claration accord\u00e9e \u00e0 l\u2019agence TAP, que les deux bus vieux d\u2019au moins dix ans \u00e9taient stationn\u00e9s, dans un parking en plein air, car la soci\u00e9t\u00e9 est d\u00e9pourvue d\u2019entrep\u00f4ts, dans la d\u00e9l\u00e9gation de Djerba Midoun. Un autre autobus avait \u00e9t\u00e9 br\u00fbl\u00e9 en janvier dernier, sans qu\u2019on en connaisse les causes, ajoute-t-il.<\/p>\n<div class=\"code-block code-block-1 c3\"><ins class=\"adsbygoogle c2\" data-ad-layout=\"in-article\" data-ad-format=\"fluid\" data-ad-client=\"ca-pub-2102118777505746\" data-ad-slot=\"7301775417\"\/> <\/div>\n<p>Une source de la Protection civil \u00e0 Djerba a d\u00e9clar\u00e9 que les causes de l\u2019incendie n\u2019ont pas\u00a0\u00e9t\u00e9 encore identifi\u00e9es, selon une source de la Protection civile \u00e0 Djerba. Notons que des sapeurs-pompiers de Midoun et Houmt Souk sont intervenus pour \u00e9teindre le feu et \u00e9loigner un troisi\u00e8me autobus qui \u00e9tait stationn\u00e9, dans ce m\u00eame parking relevant de la soci\u00e9t\u00e9.<\/p>\n<p><img loading=\"lazy\" decoding=\"async\" class=\"alignnone wp-image-459590\" src=\"https:\/\/www.tunisienumerique.com\/wp-content\/uploads\/2019\/09\/4a8b51e0b4f5c95159fe714fc1c4020a.0.jpg\" alt=\"\" width=\"414\" height=\"556\"\/><\/p>\n<p><noscript><\/p>\n<p><img loading=\"lazy\" decoding=\"async\" class=\"alignnone wp-image-459590\" src=\"https:\/\/www.tunisienumerique.com\/wp-content\/uploads\/2019\/09\/4a8b51e0b4f5c95159fe714fc1c4020a.0.jpg\" alt=\"\" width=\"414\" height=\"556\"\/><\/p>\n<p><\/noscript><\/p>\n<p><strong>Que se passe-t-il en Tunisie?<\/strong><br \/>Nous expliquons sur notre <a href=\"https:\/\/www.youtube.com\/channel\/UCRzypVq0B_yBad5eGrwBx0Q?sub_confirmation=1\" target=\"_blank\" rel=\"noopener noreferrer\">cha\u00eene YouTube<\/a> . <a href=\"https:\/\/www.youtube.com\/channel\/UCRzypVq0B_yBad5eGrwBx0Q?sub_confirmation=1\" target=\"_blank\" rel=\"noopener noreferrer\">Abonnez-vous!<\/a><\/p>\n<div class=\"mvp-org-wrap mvp-org-logo\" itemprop=\"publisher\" itemscope=\"\" itemtype=\"https:\/\/schema.org\/Organization\">\n<p><img decoding=\"async\" src=\"https:\/\/www.tunisienumerique.com\/wp-content\/uploads\/2017\/02\/logo_tunisie_numerique.png\"\/><\/p>\n<\/div>\n<div class=\"swp_social_panel swp_horizontal_panel swp_flat_fresh swp_default_full_color swp_individual_full_color swp_other_full_color scale-100 scale-\" data-min-width=\"1100\" data-float-color=\"#ffffff\" data-float=\"none\" data-float-mobile=\"none\" data-transition=\"slide\">\n<div class=\"nc_tweetContainer swp_share_button total_shares total_sharesalt\"><span class=\"swp_count\">1 <span class=\"swp_label\">Partages<\/span><\/span><\/div>\n<\/div>\n<div class=\"mvp-related-posts left relative\">\n<h4 class=\"post-header\"><span class=\"post-header\">Lire aussi<\/span><\/h4>\n<\/div>\n<\/div>\n<p>Auteur: Laameri Dorsaf<br \/>\n<a href=\"https:\/\/www.tunisienumerique.com\/tunisie-deux-autobus-entierement-carbonises-au-centre-ville-de-djerba-midoun\/\">Cliquez ici pour lire l&rsquo;article depuis sa source.<\/a><\/p>\n","protected":false},"excerpt":{"rendered":"<p>1 Partages Deux autobus articul\u00e9s de la soci\u00e9t\u00e9 r\u00e9gionale de transport \u00e0 M\u00e9denine ont \u00e9t\u00e9, enti\u00e8rement, carbonis\u00e9s alors qu\u2019ils \u00e9taient stationn\u00e9s dans un parking, en centre ville de Djerba-Midoun. Un responsable \u00e0 la soci\u00e9t\u00e9 de transport, Chokri Jaziri a indiqu\u00e9, dans une d\u00e9claration accord\u00e9e \u00e0 l\u2019agence TAP, que les deux bus vieux d\u2019au moins dix [&hellip;]<\/p>\n","protected":false},"author":1789,"featured_media":60291,"comment_status":"closed","ping_status":"closed","sticky":false,"template":"","format":"standard","meta":{"fifu_image_url":"","fifu_image_alt":"","footnotes":""},"categories":[73,55],"tags":[],"class_list":["post-60290","post","type-post","status-publish","format-standard","has-post-thumbnail","hentry","category-actualite","category-tunisie"],"_links":{"self":[{"href":"https:\/\/linitiative.ca\/International\/wp-json\/wp\/v2\/posts\/60290","targetHints":{"allow":["GET"]}}],"collection":[{"href":"https:\/\/linitiative.ca\/International\/wp-json\/wp\/v2\/posts"}],"about":[{"href":"https:\/\/linitiative.ca\/International\/wp-json\/wp\/v2\/types\/post"}],"author":[{"embeddable":true,"href":"https:\/\/linitiative.ca\/International\/wp-json\/wp\/v2\/users\/1789"}],"replies":[{"embeddable":true,"href":"https:\/\/linitiative.ca\/International\/wp-json\/wp\/v2\/comments?post=60290"}],"version-history":[{"count":0,"href":"https:\/\/linitiative.ca\/International\/wp-json\/wp\/v2\/posts\/60290\/revisions"}],"wp:featuredmedia":[{"embeddable":true,"href":"https:\/\/linitiative.ca\/International\/wp-json\/"}],"wp:attachment":[{"href":"https:\/\/linitiative.ca\/International\/wp-json\/wp\/v2\/media?parent=60290"}],"wp:term":[{"taxonomy":"category","embeddable":true,"href":"https:\/\/linitiative.ca\/International\/wp-json\/wp\/v2\/categories?post=60290"},{"taxonomy":"post_tag","embeddable":true,"href":"https:\/\/linitiative.ca\/International\/wp-json\/wp\/v2\/tags?post=60290"}],"curies":[{"name":"wp","href":"https:\/\/api.w.org\/{rel}","templated":true}]}}