{"id":60295,"date":"2019-09-06T06:26:05","date_gmt":"2019-09-06T10:26:05","guid":{"rendered":"https:\/\/linitiative.ca\/International\/tunisiedecouverte-dun-cobra-dans-lenceinte-dun-tribunal-a-sfax\/"},"modified":"2019-09-06T06:26:05","modified_gmt":"2019-09-06T10:26:05","slug":"tunisiedecouverte-dun-cobra-dans-lenceinte-dun-tribunal-a-sfax","status":"publish","type":"post","link":"https:\/\/linitiative.ca\/International\/tunisiedecouverte-dun-cobra-dans-lenceinte-dun-tribunal-a-sfax\/","title":{"rendered":"Tunisie:D\u00e9couverte d\u2019un cobra dans l\u2019enceinte d\u2019un tribunal \u00e0 Sfax"},"content":{"rendered":"<div class=\"post-cont-in left relative\">\n<div class=\"swp_social_panel swp_horizontal_panel swp_flat_fresh swp_default_full_color swp_individual_full_color swp_other_full_color scale-100 scale-\" data-min-width=\"1100\" data-float-color=\"#ffffff\" data-float=\"none\" data-float-mobile=\"none\" data-transition=\"slide\">\n<div class=\"nc_tweetContainer swp_share_button total_shares total_sharesalt\"><span class=\"swp_count\">1 <span class=\"swp_label\">Partages<\/span><\/span><\/div>\n<\/div>\n<p>Les agents et le personnel du tribunal cantonal d\u2019Agareb du gouvernorat de Sfax ont retrouv\u00e9 jeudi un cobra dans l\u2019enceinte du tribunal et \u00e0 proximit\u00e9 de la principale salle.<\/p>\n<p>La juge Ahlem Goubaa, du tribunal, a d\u00e9clar\u00e9 qu\u2019elle avait demand\u00e9 au gardien du tribunal de jour d\u2019effectuer une tourn\u00e9e d\u2019inspection autour du tribunal et l\u2019avait inform\u00e9e qu\u2019il avait trouv\u00e9 le cobra en question.<\/p>\n<div class=\"code-block code-block-1 c3\"><ins class=\"adsbygoogle c2\" data-ad-layout=\"in-article\" data-ad-format=\"fluid\" data-ad-client=\"ca-pub-2102118777505746\" data-ad-slot=\"7301775417\"\/> <\/div>\n<p>Le juge a affirm\u00e9 que le tribunal ne poss\u00e8de pas d\u2019agents de nettoyage depuis trois ans et qu\u2019il \u00e9tait oblig\u00e9 de fournir des agents de nettoyage \u00e0 ses frais pour nettoyer les locaux du tribunal, soulignant que les juges et le personnel demandaient depuis longtemps \u00e0 l\u2019administration r\u00e9gionale de fournir du personnel de nettoyage sans succ\u00e8s.<\/p>\n<p>Ce cobra n\u2019est pas le premier trouv\u00e9 \u00e0 Agareb, alors qu\u2019un gar\u00e7on de 12 ans est mort d\u2019une morsure de serpent il y a deux semaines.<\/p>\n<p><strong>Que se passe-t-il en Tunisie?<\/strong><br \/>Nous expliquons sur notre <a href=\"https:\/\/www.youtube.com\/channel\/UCRzypVq0B_yBad5eGrwBx0Q?sub_confirmation=1\" target=\"_blank\" rel=\"noopener noreferrer\">cha\u00eene YouTube<\/a> . <a href=\"https:\/\/www.youtube.com\/channel\/UCRzypVq0B_yBad5eGrwBx0Q?sub_confirmation=1\" target=\"_blank\" rel=\"noopener noreferrer\">Abonnez-vous!<\/a><\/p>\n<div class=\"mvp-org-wrap mvp-org-logo\" itemprop=\"publisher\" itemscope=\"\" itemtype=\"https:\/\/schema.org\/Organization\">\n<p><img decoding=\"async\" src=\"https:\/\/www.tunisienumerique.com\/wp-content\/uploads\/2017\/02\/logo_tunisie_numerique.png\"\/><\/p>\n<\/div>\n<div class=\"swp_social_panel swp_horizontal_panel swp_flat_fresh swp_default_full_color swp_individual_full_color swp_other_full_color scale-100 scale-\" data-min-width=\"1100\" data-float-color=\"#ffffff\" data-float=\"none\" data-float-mobile=\"none\" data-transition=\"slide\">\n<div class=\"nc_tweetContainer swp_share_button total_shares total_sharesalt\"><span class=\"swp_count\">1 <span class=\"swp_label\">Partages<\/span><\/span><\/div>\n<\/div>\n<div class=\"mvp-related-posts left relative\">\n<h4 class=\"post-header\"><span class=\"post-header\">Lire aussi<\/span><\/h4>\n<\/div>\n<\/div>\n<p>Auteur: Mourad S<br \/>\n<a href=\"https:\/\/www.tunisienumerique.com\/tunisiedecouverte-dun-cobra-dans-lenceinte-dun-tribunal-a-sfax\/\">Cliquez ici pour lire l&rsquo;article depuis sa source.<\/a><\/p>\n","protected":false},"excerpt":{"rendered":"<p>1 Partages Les agents et le personnel du tribunal cantonal d\u2019Agareb du gouvernorat de Sfax ont retrouv\u00e9 jeudi un cobra dans l\u2019enceinte du tribunal et \u00e0 proximit\u00e9 de la principale salle. La juge Ahlem Goubaa, du tribunal, a d\u00e9clar\u00e9 qu\u2019elle avait demand\u00e9 au gardien du tribunal de jour d\u2019effectuer une tourn\u00e9e d\u2019inspection autour du tribunal [&hellip;]<\/p>\n","protected":false},"author":1789,"featured_media":60297,"comment_status":"closed","ping_status":"closed","sticky":false,"template":"","format":"standard","meta":{"fifu_image_url":"","fifu_image_alt":"","footnotes":""},"categories":[73,55],"tags":[],"class_list":["post-60295","post","type-post","status-publish","format-standard","has-post-thumbnail","hentry","category-actualite","category-tunisie"],"_links":{"self":[{"href":"https:\/\/linitiative.ca\/International\/wp-json\/wp\/v2\/posts\/60295","targetHints":{"allow":["GET"]}}],"collection":[{"href":"https:\/\/linitiative.ca\/International\/wp-json\/wp\/v2\/posts"}],"about":[{"href":"https:\/\/linitiative.ca\/International\/wp-json\/wp\/v2\/types\/post"}],"author":[{"embeddable":true,"href":"https:\/\/linitiative.ca\/International\/wp-json\/wp\/v2\/users\/1789"}],"replies":[{"embeddable":true,"href":"https:\/\/linitiative.ca\/International\/wp-json\/wp\/v2\/comments?post=60295"}],"version-history":[{"count":0,"href":"https:\/\/linitiative.ca\/International\/wp-json\/wp\/v2\/posts\/60295\/revisions"}],"wp:featuredmedia":[{"embeddable":true,"href":"https:\/\/linitiative.ca\/International\/wp-json\/"}],"wp:attachment":[{"href":"https:\/\/linitiative.ca\/International\/wp-json\/wp\/v2\/media?parent=60295"}],"wp:term":[{"taxonomy":"category","embeddable":true,"href":"https:\/\/linitiative.ca\/International\/wp-json\/wp\/v2\/categories?post=60295"},{"taxonomy":"post_tag","embeddable":true,"href":"https:\/\/linitiative.ca\/International\/wp-json\/wp\/v2\/tags?post=60295"}],"curies":[{"name":"wp","href":"https:\/\/api.w.org\/{rel}","templated":true}]}}