{"id":60329,"date":"2019-09-06T09:07:43","date_gmt":"2019-09-06T13:07:43","guid":{"rendered":"https:\/\/linitiative.ca\/International\/tamanrasset-ouverture-prochaine-dun-centre-de-deroulement-des-epreuves-du-bac-a-in-guezzam\/"},"modified":"2019-09-06T09:07:43","modified_gmt":"2019-09-06T13:07:43","slug":"tamanrasset-ouverture-prochaine-dun-centre-de-deroulement-des-epreuves-du-bac-a-in-guezzam","status":"publish","type":"post","link":"https:\/\/linitiative.ca\/International\/tamanrasset-ouverture-prochaine-dun-centre-de-deroulement-des-epreuves-du-bac-a-in-guezzam\/","title":{"rendered":"Tamanrasset: ouverture prochaine d&rsquo;un centre de d\u00e9roulement des \u00e9preuves du Bac \u00e0 In Guezzam\u00a0"},"content":{"rendered":"<div>\n<div class=\"K2FeedImage\"><img decoding=\"async\" src=\"http:\/\/www.aps.dz\/media\/k2\/items\/cache\/8e7e05eedc5c02adbb1f0326373ac26d_S.jpg\" alt=\"Tamanrasset: ouverture prochaine d'un centre de d\u00e9roulement des \u00e9preuves du Bac \u00e0 In Guezzam\u00a0\"><\/div>\n<div class=\"K2FeedIntroText\">\n<p><strong>TAMANRASSET- Le ministre de l&rsquo;Education nationale, Abdelhakim Belabed a annonc\u00e9, jeudi apr\u00e8s-midi \u00e0 Tamanrasset, l&rsquo;ouverture prochaine d&rsquo;un centre de d\u00e9roulement des \u00e9preuves du Baccalaur\u00e9at dans le wilaya d\u00e9l\u00e9gu\u00e9e frontali\u00e8re d&rsquo;In Guezzam (situ\u00e9e \u00e0 420 km \u00e0 l&rsquo;extr\u00eame sud du chef lieu de wilaya).<\/strong><\/p>\n<\/div>\n<div class=\"K2FeedFullText\">\n<p>En marge de l&rsquo;inauguration du premier lyc\u00e9e \u00e0 In Guezzam, lors d&rsquo;une visite de travail effectu\u00e9e dans le cadre de sa tourn\u00e9e de suivi de la rentr\u00e9e scolaire 2019-2020, \u00e0 l&rsquo;extr\u00eame Sud du pays, M. Belabed a pr\u00e9cis\u00e9 qu\u00a0\u00bb&lsquo;un centre de d\u00e9roulement des \u00e9preuves du Bac ouvrira ses portes au profit des candidats scolaris\u00e9s et libres r\u00e9sidant dans cette r\u00e9gion frontali\u00e8re pour all\u00e9ger leurs souffrances\u00a0\u00bb.<\/p>\n<p>A cette occasion, la d\u00e9l\u00e9gation minist\u00e9rielle s&rsquo;est enquise des diff\u00e9rents \u00e9quipements du nouveau lyc\u00e9e (800 places et 200 repas), et a pris connaissance des pr\u00e9occupations des \u00e9l\u00e8ves relatives notamment \u00e0 l&rsquo;am\u00e9nagement d&rsquo;espaces \u00e9quip\u00e9s pour la r\u00e9cr\u00e9ation.<\/p>\n<hr>\n<h4 class=\"allmode-title\">Lire aussi:\u00a0<a href=\"http:\/\/www.aps.dz\/algerie\/94070-belmahdi-souligne-l-importance-de-l-enseignement-dans-l-edification-d-une-nouvelle-algerie\">Belmahdi souligne l\u2019importance de l\u2019enseignement dans l\u2019\u00e9dification d\u2019une nouvelle Alg\u00e9rie<\/a><\/h4>\n<hr>\n<p>Le ministre a \u00e9galement instruit les responsables du secteur d&rsquo;assurer l&rsquo;acheminement des manuels scolaires vers In Guezzam dans les plus brefs d\u00e9lais.<\/p>\n<p>Avant de parachever sa visite, M. Belabed a d\u00e9pos\u00e9 la pierre angulaire du projet de r\u00e9alisation de 20 logements au profit des responsables du secteur de l&rsquo;Education \u00e0 In Guezzam.<\/p>\n<p>Le ministre a effectu\u00e9, dans la journ\u00e9e, une visite similaire dans la wilaya d\u00e9l\u00e9gu\u00e9e d&rsquo;In Salah (750 km au nord du chef-lieu de Tamanrasset) o\u00f9 il a inaugur\u00e9 un lyc\u00e9e et inspect\u00e9 plusieurs infrastructures \u00e9ducatives.<\/p>\n<\/div>\n<\/div>\n<p>Auteur:<br \/>\n<a href=\"http:\/\/www.aps.dz\/regions\/94090-tamanrasset-ouverture-prochaine-d-un-centre-de-deroulement-des-epreuves-du-bac-a-in-guezzam\">Cliquez ici pour lire l&rsquo;article depuis sa source.<\/a><\/p>\n","protected":false},"excerpt":{"rendered":"<p>TAMANRASSET- Le ministre de l&rsquo;Education nationale, Abdelhakim Belabed a annonc\u00e9, jeudi apr\u00e8s-midi \u00e0 Tamanrasset, l&rsquo;ouverture prochaine d&rsquo;un centre de d\u00e9roulement des \u00e9preuves du Baccalaur\u00e9at dans le wilaya d\u00e9l\u00e9gu\u00e9e frontali\u00e8re d&rsquo;In Guezzam (situ\u00e9e \u00e0 420 km \u00e0 l&rsquo;extr\u00eame sud du chef lieu de wilaya). En marge de l&rsquo;inauguration du premier lyc\u00e9e \u00e0 In Guezzam, lors d&rsquo;une [&hellip;]<\/p>\n","protected":false},"author":1790,"featured_media":60330,"comment_status":"closed","ping_status":"closed","sticky":false,"template":"","format":"standard","meta":{"fifu_image_url":"","fifu_image_alt":"","footnotes":""},"categories":[53,76],"tags":[],"class_list":["post-60329","post","type-post","status-publish","format-standard","has-post-thumbnail","hentry","category-algerie","category-regions"],"_links":{"self":[{"href":"https:\/\/linitiative.ca\/International\/wp-json\/wp\/v2\/posts\/60329","targetHints":{"allow":["GET"]}}],"collection":[{"href":"https:\/\/linitiative.ca\/International\/wp-json\/wp\/v2\/posts"}],"about":[{"href":"https:\/\/linitiative.ca\/International\/wp-json\/wp\/v2\/types\/post"}],"author":[{"embeddable":true,"href":"https:\/\/linitiative.ca\/International\/wp-json\/wp\/v2\/users\/1790"}],"replies":[{"embeddable":true,"href":"https:\/\/linitiative.ca\/International\/wp-json\/wp\/v2\/comments?post=60329"}],"version-history":[{"count":0,"href":"https:\/\/linitiative.ca\/International\/wp-json\/wp\/v2\/posts\/60329\/revisions"}],"wp:featuredmedia":[{"embeddable":true,"href":"https:\/\/linitiative.ca\/International\/wp-json\/"}],"wp:attachment":[{"href":"https:\/\/linitiative.ca\/International\/wp-json\/wp\/v2\/media?parent=60329"}],"wp:term":[{"taxonomy":"category","embeddable":true,"href":"https:\/\/linitiative.ca\/International\/wp-json\/wp\/v2\/categories?post=60329"},{"taxonomy":"post_tag","embeddable":true,"href":"https:\/\/linitiative.ca\/International\/wp-json\/wp\/v2\/tags?post=60329"}],"curies":[{"name":"wp","href":"https:\/\/api.w.org\/{rel}","templated":true}]}}