{"id":60331,"date":"2019-09-06T10:08:39","date_gmt":"2019-09-06T14:08:39","guid":{"rendered":"https:\/\/linitiative.ca\/International\/algerie-talie-projet-de-cooperation-autour-de-la-gestion-des-iles-habibas-oran\/"},"modified":"2019-09-06T10:08:39","modified_gmt":"2019-09-06T14:08:39","slug":"algerie-talie-projet-de-cooperation-autour-de-la-gestion-des-iles-habibas-oran","status":"publish","type":"post","link":"https:\/\/linitiative.ca\/International\/algerie-talie-projet-de-cooperation-autour-de-la-gestion-des-iles-habibas-oran\/","title":{"rendered":"Alg\u00e9rie- talie: projet de coop\u00e9ration autour de la gestion des iles Habibas (Oran)"},"content":{"rendered":"<div>\n<div class=\"K2FeedImage\"><img decoding=\"async\" src=\"http:\/\/www.aps.dz\/media\/k2\/items\/cache\/6db21149f9d3031b61069cfac360ed9d_S.jpg\" alt=\"Alg\u00e9rie- talie: projet de coop\u00e9ration autour de la gestion des iles Habibas (Oran)\"><\/div>\n<div class=\"K2FeedIntroText\">\n<p>\u00a0<\/p>\n<p><strong>ORAN &#8211; Un projet de coop\u00e9ration entre des institutions italiennes et alg\u00e9riennes est en cours de pr\u00e9paration pour \u00e9laborer un mod\u00e8le de gestion standardis\u00e9 de l\u2019aire marine prot\u00e9g\u00e9e (AMP) des Iles Habibas (Oran), a-t-on appris des responsables de l\u2019association \u00e9cologique marine \u00ab\u00a0Barbarous\u00a0\u00bb, co-gestionnaire de cette aire.<\/strong><\/p>\n<\/div>\n<div class=\"K2FeedFullText\">\n<p>Cette action s\u2019inscrit dans le cadre du projet ASPIM relatif \u00e0 l&rsquo;accord de coop\u00e9ration entre le Programme des Nations unies pour l\u2019Environnement (ONU Environnement) et le minist\u00e8re italien de l\u2019environnement, du territoire et de la mer, visant \u00e0 d\u00e9velopper et \u00e0 renforcer les capacit\u00e9s de gestion efficace des AMP, particuli\u00e8rement les aires sp\u00e9cialement prot\u00e9g\u00e9es d&rsquo;importance m\u00e9diterran\u00e9enne (ASPIM), a indiqu\u00e9 le Secr\u00e9taire g\u00e9n\u00e9ral de l\u2019association oranaise, Amine Chakouri.<\/p>\n<blockquote>\n<p><em><strong>\u00ab\u00a0Des activit\u00e9s de jumelage ont \u00e9t\u00e9 initi\u00e9es entre les ASPIM\/AMP italiennes et les ASPIM\/AMP des sous-r\u00e9gions m\u00e9diterran\u00e9ennes dont l&rsquo;Italie fait partie\u00a0\u00bb, a-t-il expliqu\u00e9, ajoutant que ces jumelages visent \u00e0 promouvoir la mise en r\u00e9seau et la standardisation de la gestion \u00e0 travers le partage d\u2019exp\u00e9riences entre les ASPIM\/AMP jumelles, le renforcement des capacit\u00e9s et l\u2019implication les organisations de la soci\u00e9t\u00e9 civile.<\/strong><\/em><\/p>\n<\/blockquote>\n<p>Une s\u00e9ance de travail, dans l\u2019objectif de mettre en place un mod\u00e8le standardis\u00e9 de gestion, a \u00e9t\u00e9 tenue jeudi dernier, avec la participation de l\u2019association \u00e9cologique marine \u00ab\u00a0Barbarous\u00a0\u00bb, en sa qualit\u00e9 de co-gestionnaire des \u00eeles Habibas, des responsables du minist\u00e8res de l\u2019Environnement et des Energies renouvelables et du Commissariat national du littoral, du c\u00f4t\u00e9 alg\u00e9rien, et des gestionnaires de la r\u00e9serve de Tavolara-Punta Coda Cavallo (Italie).<\/p>\n<p>\u00ab\u00a0Ce projet devra permettre de renforcer davantage la coop\u00e9ration entre les gestionnaires des iles Habibas et d\u2019impliquer progressivement les autres acteurs de la mer dans les processus futurs de la gestion de l\u2019AMP des Habibas\u00a0\u00bb, a-t-il soulign\u00e9.<\/p>\n<p>Ce projet traduit l\u2019engagement des institutions en charge de la gestion des AMP et leurs partenaires pour optimiser la gestion des AMP et impliquer l\u2019ensemble des acteurs de la mer, a-t-il encore ajout\u00e9.<\/p>\n<\/div>\n<\/div>\n<p>Auteur:<br \/>\n<a href=\"http:\/\/www.aps.dz\/regions\/94097-un-projet-de-cooperation-entre-l-algerie-et-l-italie-autour-de-la-gestion-des-iles-habibas-oran\">Cliquez ici pour lire l&rsquo;article depuis sa source.<\/a><\/p>\n","protected":false},"excerpt":{"rendered":"<p>\u00a0 ORAN &#8211; Un projet de coop\u00e9ration entre des institutions italiennes et alg\u00e9riennes est en cours de pr\u00e9paration pour \u00e9laborer un mod\u00e8le de gestion standardis\u00e9 de l\u2019aire marine prot\u00e9g\u00e9e (AMP) des Iles Habibas (Oran), a-t-on appris des responsables de l\u2019association \u00e9cologique marine \u00ab\u00a0Barbarous\u00a0\u00bb, co-gestionnaire de cette aire. Cette action s\u2019inscrit dans le cadre du projet [&hellip;]<\/p>\n","protected":false},"author":1790,"featured_media":60332,"comment_status":"closed","ping_status":"closed","sticky":false,"template":"","format":"standard","meta":{"fifu_image_url":"","fifu_image_alt":"","footnotes":""},"categories":[53,76],"tags":[],"class_list":["post-60331","post","type-post","status-publish","format-standard","has-post-thumbnail","hentry","category-algerie","category-regions"],"_links":{"self":[{"href":"https:\/\/linitiative.ca\/International\/wp-json\/wp\/v2\/posts\/60331","targetHints":{"allow":["GET"]}}],"collection":[{"href":"https:\/\/linitiative.ca\/International\/wp-json\/wp\/v2\/posts"}],"about":[{"href":"https:\/\/linitiative.ca\/International\/wp-json\/wp\/v2\/types\/post"}],"author":[{"embeddable":true,"href":"https:\/\/linitiative.ca\/International\/wp-json\/wp\/v2\/users\/1790"}],"replies":[{"embeddable":true,"href":"https:\/\/linitiative.ca\/International\/wp-json\/wp\/v2\/comments?post=60331"}],"version-history":[{"count":0,"href":"https:\/\/linitiative.ca\/International\/wp-json\/wp\/v2\/posts\/60331\/revisions"}],"wp:featuredmedia":[{"embeddable":true,"href":"https:\/\/linitiative.ca\/International\/wp-json\/"}],"wp:attachment":[{"href":"https:\/\/linitiative.ca\/International\/wp-json\/wp\/v2\/media?parent=60331"}],"wp:term":[{"taxonomy":"category","embeddable":true,"href":"https:\/\/linitiative.ca\/International\/wp-json\/wp\/v2\/categories?post=60331"},{"taxonomy":"post_tag","embeddable":true,"href":"https:\/\/linitiative.ca\/International\/wp-json\/wp\/v2\/tags?post=60331"}],"curies":[{"name":"wp","href":"https:\/\/api.w.org\/{rel}","templated":true}]}}