{"id":60333,"date":"2019-09-06T10:39:42","date_gmt":"2019-09-06T14:39:42","guid":{"rendered":"https:\/\/linitiative.ca\/International\/blida-mise-en-service-de-8-ecoles-pilotes-fonctionnant-a-lenergie-solaire\/"},"modified":"2019-09-06T10:39:42","modified_gmt":"2019-09-06T14:39:42","slug":"blida-mise-en-service-de-8-ecoles-pilotes-fonctionnant-a-lenergie-solaire","status":"publish","type":"post","link":"https:\/\/linitiative.ca\/International\/blida-mise-en-service-de-8-ecoles-pilotes-fonctionnant-a-lenergie-solaire\/","title":{"rendered":"Blida: mise en service de 8 \u00e9coles pilotes fonctionnant \u00e0 l&rsquo;\u00e9nergie solaire\u00a0"},"content":{"rendered":"<div>\n<div class=\"K2FeedImage\"><img decoding=\"async\" src=\"http:\/\/www.aps.dz\/media\/k2\/items\/cache\/20879d9355ed27aa2aa43615c9d57c9e_S.jpg\" alt=\"Blida: mise en service de 8 \u00e9coles pilotes fonctionnant \u00e0 l'\u00e9nergie solaire\u00a0\"><\/div>\n<div class=\"K2FeedIntroText\">\n<p><strong>BLIDA- Huit (8) \u00e9coles pilotes ont \u00e9t\u00e9 dot\u00e9es d&rsquo;\u00e9quipements fonctionnant \u00e0 l&rsquo;\u00e9nergie solaire \u00e0 Blida, en attendant de g\u00e9n\u00e9raliser cette exp\u00e9rience \u00e0 l&rsquo;ensemble des \u00e9tablissements scolaires, a appris l&rsquo;APS des services de wilaya.<\/strong><\/p>\n<\/div>\n<div class=\"K2FeedFullText\">\n<p>Charg\u00e9e du projet, l&rsquo;entreprise \u00ab\u00a0Mitidja Inara\u00a0\u00bb a mis en service, jusqu&rsquo;\u00e0 pr\u00e9sent, huit (8) \u00e9coles primaires fonctionnant \u00e0 l&rsquo;\u00e9nergie solaire, en leur assurant tous les \u00e9quipements n\u00e9cessaires (panneaux hybrides, g\u00e9n\u00e9rateurs&#8230;) \u00e0 la concr\u00e9tisation de cette op\u00e9ration, a indiqu\u00e9 la m\u00eame source.<\/p>\n<blockquote>\n<p><em><strong>Ces huit \u00e9coles sont situ\u00e9es dans diff\u00e9rentes communes de la wilaya de Blida, \u00e0 l&rsquo;instar de Bouinan, Ouled Ya\u00efch et Beni Mered, en attendant la g\u00e9n\u00e9ralisation de l&rsquo;op\u00e9ration \u00e0 l&rsquo;ensemble des \u00e9tablissements d&rsquo;enseignement r\u00e9partis sur les 25 communes que compte Blida, selon la m\u00eame source.<\/strong><\/em><\/p>\n<\/blockquote>\n<p>Cette d\u00e9marche a pour but d&rsquo;\u00e9conomiser l&rsquo;\u00e9lectricit\u00e9, en trouvant une \u00e9nergie alternative propre et renouvelable, pour contribuer \u00e0 la pr\u00e9servation de l&rsquo;environnement et all\u00e9ger les charges financi\u00e8res des Collectivit\u00e9s locales, ont pr\u00e9cis\u00e9 les m\u00eames services.<\/p>\n<p>Dans un futur proche, m\u00eame les mosqu\u00e9es seront aliment\u00e9es en \u00e9nergie solaire \u00e0 Blida, \u00e0 l&rsquo;exemple de la nouvelle mosqu\u00e9e de Bougara, premi\u00e8re structure relevant du secteur des Affaires religieuses qui b\u00e9n\u00e9ficiera de cette exp\u00e9rience, a annonc\u00e9 la m\u00eame source.<\/p>\n<p>A noter que la wilaya de Blida a, de plus en plus, recours \u00e0 cette \u00e9nergie renouvelable, d\u00e9j\u00e0 exploit\u00e9e dans les diff\u00e9rents \u00e9tablissements publics, outre son utilisation pour l&rsquo;\u00e9clairage public notamment dans l&rsquo;ensemble des quartiers de la nouvelle ville de Bouinan.<\/p>\n<\/div>\n<\/div>\n<p>Auteur:<br \/>\n<a href=\"http:\/\/www.aps.dz\/regions\/94101-blida-mise-en-service-de-8-ecoles-pilotes-fonctionnant-a-l-energie-solaire\">Cliquez ici pour lire l&rsquo;article depuis sa source.<\/a><\/p>\n","protected":false},"excerpt":{"rendered":"<p>BLIDA- Huit (8) \u00e9coles pilotes ont \u00e9t\u00e9 dot\u00e9es d&rsquo;\u00e9quipements fonctionnant \u00e0 l&rsquo;\u00e9nergie solaire \u00e0 Blida, en attendant de g\u00e9n\u00e9raliser cette exp\u00e9rience \u00e0 l&rsquo;ensemble des \u00e9tablissements scolaires, a appris l&rsquo;APS des services de wilaya. Charg\u00e9e du projet, l&rsquo;entreprise \u00ab\u00a0Mitidja Inara\u00a0\u00bb a mis en service, jusqu&rsquo;\u00e0 pr\u00e9sent, huit (8) \u00e9coles primaires fonctionnant \u00e0 l&rsquo;\u00e9nergie solaire, en leur [&hellip;]<\/p>\n","protected":false},"author":1790,"featured_media":60334,"comment_status":"closed","ping_status":"closed","sticky":false,"template":"","format":"standard","meta":{"fifu_image_url":"","fifu_image_alt":"","footnotes":""},"categories":[53,76],"tags":[],"class_list":["post-60333","post","type-post","status-publish","format-standard","has-post-thumbnail","hentry","category-algerie","category-regions"],"_links":{"self":[{"href":"https:\/\/linitiative.ca\/International\/wp-json\/wp\/v2\/posts\/60333","targetHints":{"allow":["GET"]}}],"collection":[{"href":"https:\/\/linitiative.ca\/International\/wp-json\/wp\/v2\/posts"}],"about":[{"href":"https:\/\/linitiative.ca\/International\/wp-json\/wp\/v2\/types\/post"}],"author":[{"embeddable":true,"href":"https:\/\/linitiative.ca\/International\/wp-json\/wp\/v2\/users\/1790"}],"replies":[{"embeddable":true,"href":"https:\/\/linitiative.ca\/International\/wp-json\/wp\/v2\/comments?post=60333"}],"version-history":[{"count":0,"href":"https:\/\/linitiative.ca\/International\/wp-json\/wp\/v2\/posts\/60333\/revisions"}],"wp:featuredmedia":[{"embeddable":true,"href":"https:\/\/linitiative.ca\/International\/wp-json\/"}],"wp:attachment":[{"href":"https:\/\/linitiative.ca\/International\/wp-json\/wp\/v2\/media?parent=60333"}],"wp:term":[{"taxonomy":"category","embeddable":true,"href":"https:\/\/linitiative.ca\/International\/wp-json\/wp\/v2\/categories?post=60333"},{"taxonomy":"post_tag","embeddable":true,"href":"https:\/\/linitiative.ca\/International\/wp-json\/wp\/v2\/tags?post=60333"}],"curies":[{"name":"wp","href":"https:\/\/api.w.org\/{rel}","templated":true}]}}