{"id":60335,"date":"2019-09-06T15:14:28","date_gmt":"2019-09-06T19:14:28","guid":{"rendered":"https:\/\/linitiative.ca\/International\/pros-fiorentina-rachid-ghezzal-encense-franck-ribery\/"},"modified":"2019-09-06T15:14:28","modified_gmt":"2019-09-06T19:14:28","slug":"pros-fiorentina-rachid-ghezzal-encense-franck-ribery","status":"publish","type":"post","link":"https:\/\/linitiative.ca\/International\/pros-fiorentina-rachid-ghezzal-encense-franck-ribery\/","title":{"rendered":"Pros : Fiorentina : Rachid Ghezzal encense Franck Rib\u00e9ry"},"content":{"rendered":"<div readability=\"32\">\n<p>Auteur : <span class=\"time\">vendredi 06 septembre 2019 16:20<\/span><\/p>\n<\/div>\n<div id=\"post_core\" readability=\"46\">\n<p>En fin de mercato, la Fiorentina a obtenu le pr\u00eat avec option d\u2019achat de Rachid Ghezzal. L\u2019Alg\u00e9rien va donc d\u00e9couvrir la Serie A, lui qui a encha\u00een\u00e9 les gal\u00e8res \u00e0 Monaco et \u00e0 Leicester apr\u00e8s son d\u00e9part de l\u2019OL. A Florence, il \u00e9voluera aux c\u00f4t\u00e9s d\u2019un certain Franck Rib\u00e9ry, arriv\u00e9 libre quelques jours avant. En conf\u00e9rence de presse, Ghezzal a avou\u00e9 \u00eatre emball\u00e9 \u00e0 l\u2019id\u00e9e de jouer avec Ribery, un footballeur et un homme qu\u2019il respecte beaucoup. \u00ab Franck Rib\u00e9ry est un mod\u00e8le pour nous les joueurs qui avons grandi en France. Comme nous, il est parti de rien. Il jouait dans son quartier. Il a r\u00e9ussi \u00e0 percer avec beaucoup de travail et de d\u00e9termination. Il a jou\u00e9 au plus haut niveau dans l\u2019un des plus grands clubs d\u2019Europe. Bien s\u00fbr que pour nous, les joueurs qui avons grandi en France, c\u2019est un mod\u00e8le \u00bbrapporte Foot Mercato.<\/p>\n<p><strong>Publi\u00e9 dans :<\/strong> <span>ghezzal<\/span> <span>rib\u00e9ry<\/span><\/p>\n<\/div>\n<p>Auteur:<br \/>\n<a href=\"http:\/\/www.lebuteur.com\/article\/detail?titre=fiorentina-rachid-ghezzal-encense-franck-ribery&#038;id=91533&#038;utm_source=feedburner&#038;utm_medium=feed&#038;utm_campaign=Feed%3A+GalerieFArtciles+%28Les+derniers+articles++-+lebuteur.com%29\">Cliquez ici pour lire l&rsquo;article depuis sa source.<\/a><\/p>\n","protected":false},"excerpt":{"rendered":"<p>Auteur : vendredi 06 septembre 2019 16:20 En fin de mercato, la Fiorentina a obtenu le pr\u00eat avec option d\u2019achat de Rachid Ghezzal. L\u2019Alg\u00e9rien va donc d\u00e9couvrir la Serie A, lui qui a encha\u00een\u00e9 les gal\u00e8res \u00e0 Monaco et \u00e0 Leicester apr\u00e8s son d\u00e9part de l\u2019OL. A Florence, il \u00e9voluera aux c\u00f4t\u00e9s d\u2019un certain Franck [&hellip;]<\/p>\n","protected":false},"author":1738,"featured_media":60336,"comment_status":"closed","ping_status":"closed","sticky":false,"template":"","format":"standard","meta":{"fifu_image_url":"","fifu_image_alt":"","footnotes":""},"categories":[53,75],"tags":[],"class_list":["post-60335","post","type-post","status-publish","format-standard","has-post-thumbnail","hentry","category-algerie","category-sport"],"_links":{"self":[{"href":"https:\/\/linitiative.ca\/International\/wp-json\/wp\/v2\/posts\/60335","targetHints":{"allow":["GET"]}}],"collection":[{"href":"https:\/\/linitiative.ca\/International\/wp-json\/wp\/v2\/posts"}],"about":[{"href":"https:\/\/linitiative.ca\/International\/wp-json\/wp\/v2\/types\/post"}],"author":[{"embeddable":true,"href":"https:\/\/linitiative.ca\/International\/wp-json\/wp\/v2\/users\/1738"}],"replies":[{"embeddable":true,"href":"https:\/\/linitiative.ca\/International\/wp-json\/wp\/v2\/comments?post=60335"}],"version-history":[{"count":0,"href":"https:\/\/linitiative.ca\/International\/wp-json\/wp\/v2\/posts\/60335\/revisions"}],"wp:featuredmedia":[{"embeddable":true,"href":"https:\/\/linitiative.ca\/International\/wp-json\/"}],"wp:attachment":[{"href":"https:\/\/linitiative.ca\/International\/wp-json\/wp\/v2\/media?parent=60335"}],"wp:term":[{"taxonomy":"category","embeddable":true,"href":"https:\/\/linitiative.ca\/International\/wp-json\/wp\/v2\/categories?post=60335"},{"taxonomy":"post_tag","embeddable":true,"href":"https:\/\/linitiative.ca\/International\/wp-json\/wp\/v2\/tags?post=60335"}],"curies":[{"name":"wp","href":"https:\/\/api.w.org\/{rel}","templated":true}]}}