{"id":60337,"date":"2019-09-06T15:14:29","date_gmt":"2019-09-06T19:14:29","guid":{"rendered":"https:\/\/linitiative.ca\/International\/equipe-dalgerie-zetchi-oui-jai-songe-a-un-moment-a-demissionner\/"},"modified":"2019-09-06T15:14:29","modified_gmt":"2019-09-06T19:14:29","slug":"equipe-dalgerie-zetchi-oui-jai-songe-a-un-moment-a-demissionner","status":"publish","type":"post","link":"https:\/\/linitiative.ca\/International\/equipe-dalgerie-zetchi-oui-jai-songe-a-un-moment-a-demissionner\/","title":{"rendered":"Equipe d&rsquo;Alg\u00e9rie : Zetchi: \u00ab\u00a0Oui, j&rsquo;ai song\u00e9 \u00e0 un moment \u00e0 d\u00e9missionner\u00a0\u00bb"},"content":{"rendered":"<div readability=\"32\">\n<p>Auteur : <span class=\"time\">vendredi 06 septembre 2019 16:26<\/span><\/p>\n<\/div>\n<div id=\"post_core\" readability=\"46\">\n<p>Le pr\u00e9sident de la f\u00e9d\u00e9ration alg\u00e9rienne de football, Kheireddine Zetchi, a reconnu ce vendredi avoir song\u00e9 \u00e0 d\u00e9missionner de son poste, au lendemain de la CAN 2019, avant qu&rsquo;il ne change d&rsquo;avis: \u00ab\u00a0Oui, j&rsquo;ai song\u00e9 \u00e0 d\u00e9missionner. Il y&rsquo;a eu une saturation apr\u00e8s deux ans \u00e0 t\u00eate de la FAF o\u00f9 j&rsquo;ai travaill\u00e9 dans des conditions extr\u00eamement p\u00e9nibles, en raison du lourd h\u00e9ritage. Nous n&rsquo;avons \u00e9t\u00e9 \u00e9pargn\u00e9s. Nous avons subi des attaques gratuites. Tout ce cumul d&rsquo;\u00e9v\u00e9nement, a fait qu&rsquo;au retour d&rsquo;Egypte, j&rsquo;\u00e9tais en pleine r\u00e9flexion concernant mon avenir. Il y&rsquo;a eu des projets que j&rsquo;ai lanc\u00e9. J&rsquo;ai bien r\u00e9fl\u00e9chi longuement sur la question, et j&rsquo;ai d\u00e9cid\u00e9 de revenir \u00e0 la raison en poursuivant mon travail entam\u00e9 avec des gens plus intelligents\u00a0\u00bb, a affirm\u00e9 le pr\u00e9sident de la FAF, invit\u00e9 de la radio cha\u00eene 3.<\/p>\n<p><strong>Publi\u00e9 dans :<\/strong> <span>Zetchi<\/span><\/p>\n<\/div>\n<p>Auteur:<br \/>\n<a href=\"http:\/\/www.lebuteur.com\/article\/detail?titre=zetchi-oui-jai-songe-a-un-moment-a-demissionner&#038;id=91534&#038;utm_source=feedburner&#038;utm_medium=feed&#038;utm_campaign=Feed%3A+GalerieFArtciles+%28Les+derniers+articles++-+lebuteur.com%29\">Cliquez ici pour lire l&rsquo;article depuis sa source.<\/a><\/p>\n","protected":false},"excerpt":{"rendered":"<p>Auteur : vendredi 06 septembre 2019 16:26 Le pr\u00e9sident de la f\u00e9d\u00e9ration alg\u00e9rienne de football, Kheireddine Zetchi, a reconnu ce vendredi avoir song\u00e9 \u00e0 d\u00e9missionner de son poste, au lendemain de la CAN 2019, avant qu&rsquo;il ne change d&rsquo;avis: \u00ab\u00a0Oui, j&rsquo;ai song\u00e9 \u00e0 d\u00e9missionner. Il y&rsquo;a eu une saturation apr\u00e8s deux ans \u00e0 t\u00eate de [&hellip;]<\/p>\n","protected":false},"author":1738,"featured_media":60338,"comment_status":"closed","ping_status":"closed","sticky":false,"template":"","format":"standard","meta":{"fifu_image_url":"","fifu_image_alt":"","footnotes":""},"categories":[53,75],"tags":[],"class_list":["post-60337","post","type-post","status-publish","format-standard","has-post-thumbnail","hentry","category-algerie","category-sport"],"_links":{"self":[{"href":"https:\/\/linitiative.ca\/International\/wp-json\/wp\/v2\/posts\/60337","targetHints":{"allow":["GET"]}}],"collection":[{"href":"https:\/\/linitiative.ca\/International\/wp-json\/wp\/v2\/posts"}],"about":[{"href":"https:\/\/linitiative.ca\/International\/wp-json\/wp\/v2\/types\/post"}],"author":[{"embeddable":true,"href":"https:\/\/linitiative.ca\/International\/wp-json\/wp\/v2\/users\/1738"}],"replies":[{"embeddable":true,"href":"https:\/\/linitiative.ca\/International\/wp-json\/wp\/v2\/comments?post=60337"}],"version-history":[{"count":0,"href":"https:\/\/linitiative.ca\/International\/wp-json\/wp\/v2\/posts\/60337\/revisions"}],"wp:featuredmedia":[{"embeddable":true,"href":"https:\/\/linitiative.ca\/International\/wp-json\/"}],"wp:attachment":[{"href":"https:\/\/linitiative.ca\/International\/wp-json\/wp\/v2\/media?parent=60337"}],"wp:term":[{"taxonomy":"category","embeddable":true,"href":"https:\/\/linitiative.ca\/International\/wp-json\/wp\/v2\/categories?post=60337"},{"taxonomy":"post_tag","embeddable":true,"href":"https:\/\/linitiative.ca\/International\/wp-json\/wp\/v2\/tags?post=60337"}],"curies":[{"name":"wp","href":"https:\/\/api.w.org\/{rel}","templated":true}]}}