{"id":60339,"date":"2019-09-06T15:14:30","date_gmt":"2019-09-06T19:14:30","guid":{"rendered":"https:\/\/linitiative.ca\/International\/equipe-dalgerie-zetchi-une-equipe-sud-americaine-au-menu-des-verts-en-octobre\/"},"modified":"2019-09-06T15:14:30","modified_gmt":"2019-09-06T19:14:30","slug":"equipe-dalgerie-zetchi-une-equipe-sud-americaine-au-menu-des-verts-en-octobre","status":"publish","type":"post","link":"https:\/\/linitiative.ca\/International\/equipe-dalgerie-zetchi-une-equipe-sud-americaine-au-menu-des-verts-en-octobre\/","title":{"rendered":"Equipe d&rsquo;Alg\u00e9rie : Zetchi: \u00ab\u00a0Une \u00e9quipe sud-am\u00e9ricaine au menu des Verts en octobre\u00a0\u00bb"},"content":{"rendered":"<div readability=\"32\">\n<p>Auteur : <span class=\"time\">vendredi 06 septembre 2019 16:29<\/span><\/p>\n<\/div>\n<div id=\"post_core\" readability=\"43\">\n<p>Le pr\u00e9sident de la FAF, Kheireddine Zetchi, a annonc\u00e9 vendredi que l&rsquo;\u00e9quipe nationale, jouera en octobre prochain \u00ab\u00a0deux grands matchs amicaux\u00a0\u00bb, dont un face \u00e0 une s\u00e9lection sud-am\u00e9ricaine: \u00ab\u00a0Pour la date Fifa du mois d&rsquo;octobre prochain, nous allons disputer deux grands matchs amicaux, dont un face \u00e0 une s\u00e9lection sud-am\u00e9ricaine, dont je pr\u00e9f\u00e8re taire le nom\u00a0\u00bb, a indiqu\u00e9 Zetchi sur les ondes de la radio nationale cha\u00eene.<\/p>\n<p><strong>Publi\u00e9 dans :<\/strong> <span>Zetchi<\/span><\/p>\n<\/div>\n<p>Auteur:<br \/>\n<a href=\"http:\/\/www.lebuteur.com\/article\/detail?titre=zetchi-une-equipe-sud-americaine-au-menu-des-verts-en-octobre&#038;id=91535&#038;utm_source=feedburner&#038;utm_medium=feed&#038;utm_campaign=Feed%3A+GalerieFArtciles+%28Les+derniers+articles++-+lebuteur.com%29\">Cliquez ici pour lire l&rsquo;article depuis sa source.<\/a><\/p>\n","protected":false},"excerpt":{"rendered":"<p>Auteur : vendredi 06 septembre 2019 16:29 Le pr\u00e9sident de la FAF, Kheireddine Zetchi, a annonc\u00e9 vendredi que l&rsquo;\u00e9quipe nationale, jouera en octobre prochain \u00ab\u00a0deux grands matchs amicaux\u00a0\u00bb, dont un face \u00e0 une s\u00e9lection sud-am\u00e9ricaine: \u00ab\u00a0Pour la date Fifa du mois d&rsquo;octobre prochain, nous allons disputer deux grands matchs amicaux, dont un face \u00e0 une [&hellip;]<\/p>\n","protected":false},"author":1738,"featured_media":60340,"comment_status":"closed","ping_status":"closed","sticky":false,"template":"","format":"standard","meta":{"fifu_image_url":"","fifu_image_alt":"","footnotes":""},"categories":[53,75],"tags":[],"class_list":["post-60339","post","type-post","status-publish","format-standard","has-post-thumbnail","hentry","category-algerie","category-sport"],"_links":{"self":[{"href":"https:\/\/linitiative.ca\/International\/wp-json\/wp\/v2\/posts\/60339","targetHints":{"allow":["GET"]}}],"collection":[{"href":"https:\/\/linitiative.ca\/International\/wp-json\/wp\/v2\/posts"}],"about":[{"href":"https:\/\/linitiative.ca\/International\/wp-json\/wp\/v2\/types\/post"}],"author":[{"embeddable":true,"href":"https:\/\/linitiative.ca\/International\/wp-json\/wp\/v2\/users\/1738"}],"replies":[{"embeddable":true,"href":"https:\/\/linitiative.ca\/International\/wp-json\/wp\/v2\/comments?post=60339"}],"version-history":[{"count":0,"href":"https:\/\/linitiative.ca\/International\/wp-json\/wp\/v2\/posts\/60339\/revisions"}],"wp:featuredmedia":[{"embeddable":true,"href":"https:\/\/linitiative.ca\/International\/wp-json\/"}],"wp:attachment":[{"href":"https:\/\/linitiative.ca\/International\/wp-json\/wp\/v2\/media?parent=60339"}],"wp:term":[{"taxonomy":"category","embeddable":true,"href":"https:\/\/linitiative.ca\/International\/wp-json\/wp\/v2\/categories?post=60339"},{"taxonomy":"post_tag","embeddable":true,"href":"https:\/\/linitiative.ca\/International\/wp-json\/wp\/v2\/tags?post=60339"}],"curies":[{"name":"wp","href":"https:\/\/api.w.org\/{rel}","templated":true}]}}