{"id":60341,"date":"2019-09-06T15:14:31","date_gmt":"2019-09-06T19:14:31","guid":{"rendered":"https:\/\/linitiative.ca\/International\/international-fc-barcelone-le-barca-est-au-courant-pour-lionel-messi\/"},"modified":"2019-09-06T15:14:31","modified_gmt":"2019-09-06T19:14:31","slug":"international-fc-barcelone-le-barca-est-au-courant-pour-lionel-messi","status":"publish","type":"post","link":"https:\/\/linitiative.ca\/International\/international-fc-barcelone-le-barca-est-au-courant-pour-lionel-messi\/","title":{"rendered":"International : FC Barcelone: Le Bar\u00e7a est au courant pour Lionel Messi"},"content":{"rendered":"<div readability=\"32\">\n<p>Auteur : <span class=\"time\">vendredi 06 septembre 2019 16:39<\/span><\/p>\n<\/div>\n<div id=\"post_core\" readability=\"43\">\n<p>Le feuilleton Neymar vient \u00e0 peine de se terminer, que les dirigeants du FC Barcelone ont d\u00e9j\u00e0 un autre gros dossier \u00e0 r\u00e9gler. El Pais a en effet annonc\u00e9 que Lionel Messi poss\u00e8de une clause dans son contrat qui lui permettrait de quitter gratuitement le Bar\u00e7a \u00e0 la fin de cette saison, puisque son contrat se terminerait en juin prochain, avec une option pour la saison suivante. Une situation qui semble inqui\u00e9ter en Catalogne\u2026 Au sein du FC Barcelone, on serait en effet bien au courant du danger qui plane avec Lionel Messi. \u00ab Nous savons qu\u2019il peut arr\u00eater quand il voudra, \u00e0 la fin de chaque saison, comme nous l\u2019avion convenu \u00bb aurait expliqu\u00e9 une source interne au club barcelonais \u00e0 El Confidencial. Pour rappel, une telle clause avait \u00e9galement \u00e9t\u00e9 accord\u00e9e \u00e0 Andr\u00e9s Iniesta, Xavi et Carl\u00e9s Puyol par le pass\u00e9 rapporte Le 10 Sport.<\/p>\n<p><strong>Publi\u00e9 dans :<\/strong> <span>messi<\/span><\/p>\n<\/div>\n<p>Auteur:<br \/>\n<a href=\"http:\/\/www.lebuteur.com\/article\/detail?titre=fc-barcelone-le-barca-est-au-courant-pour-lionel-messi&#038;id=91536&#038;utm_source=feedburner&#038;utm_medium=feed&#038;utm_campaign=Feed%3A+GalerieFArtciles+%28Les+derniers+articles++-+lebuteur.com%29\">Cliquez ici pour lire l&rsquo;article depuis sa source.<\/a><\/p>\n","protected":false},"excerpt":{"rendered":"<p>Auteur : vendredi 06 septembre 2019 16:39 Le feuilleton Neymar vient \u00e0 peine de se terminer, que les dirigeants du FC Barcelone ont d\u00e9j\u00e0 un autre gros dossier \u00e0 r\u00e9gler. El Pais a en effet annonc\u00e9 que Lionel Messi poss\u00e8de une clause dans son contrat qui lui permettrait de quitter gratuitement le Bar\u00e7a \u00e0 la [&hellip;]<\/p>\n","protected":false},"author":1738,"featured_media":60342,"comment_status":"closed","ping_status":"closed","sticky":false,"template":"","format":"standard","meta":{"fifu_image_url":"","fifu_image_alt":"","footnotes":""},"categories":[53,75],"tags":[],"class_list":["post-60341","post","type-post","status-publish","format-standard","has-post-thumbnail","hentry","category-algerie","category-sport"],"_links":{"self":[{"href":"https:\/\/linitiative.ca\/International\/wp-json\/wp\/v2\/posts\/60341","targetHints":{"allow":["GET"]}}],"collection":[{"href":"https:\/\/linitiative.ca\/International\/wp-json\/wp\/v2\/posts"}],"about":[{"href":"https:\/\/linitiative.ca\/International\/wp-json\/wp\/v2\/types\/post"}],"author":[{"embeddable":true,"href":"https:\/\/linitiative.ca\/International\/wp-json\/wp\/v2\/users\/1738"}],"replies":[{"embeddable":true,"href":"https:\/\/linitiative.ca\/International\/wp-json\/wp\/v2\/comments?post=60341"}],"version-history":[{"count":0,"href":"https:\/\/linitiative.ca\/International\/wp-json\/wp\/v2\/posts\/60341\/revisions"}],"wp:featuredmedia":[{"embeddable":true,"href":"https:\/\/linitiative.ca\/International\/wp-json\/"}],"wp:attachment":[{"href":"https:\/\/linitiative.ca\/International\/wp-json\/wp\/v2\/media?parent=60341"}],"wp:term":[{"taxonomy":"category","embeddable":true,"href":"https:\/\/linitiative.ca\/International\/wp-json\/wp\/v2\/categories?post=60341"},{"taxonomy":"post_tag","embeddable":true,"href":"https:\/\/linitiative.ca\/International\/wp-json\/wp\/v2\/tags?post=60341"}],"curies":[{"name":"wp","href":"https:\/\/api.w.org\/{rel}","templated":true}]}}