{"id":60353,"date":"2019-09-06T13:01:00","date_gmt":"2019-09-06T17:01:00","guid":{"rendered":"https:\/\/linitiative.ca\/International\/mokri-en-guerre-contre-lintox\/"},"modified":"2019-09-06T13:01:00","modified_gmt":"2019-09-06T17:01:00","slug":"mokri-en-guerre-contre-lintox","status":"publish","type":"post","link":"https:\/\/linitiative.ca\/International\/mokri-en-guerre-contre-lintox\/","title":{"rendered":"Mokri  en guerre contre l\u2019intox"},"content":{"rendered":"<p><br id=\"sep_para_1\" class=\"sep_para access\"\/><\/p>\n<div id=\"para_1\" class=\"para_32879767 resize\">\n<div class=\"texte access firstletter\">Apr\u00e8s un tr\u00e8s long silence m\u00e9diatique, M. Abderrezak Makri a accord\u00e9 un long entretien au quotidien arabophone El Khabar, le\u00a0 jeudi 4 septembre\u00a0 et\u00a0 part en guerre contre\u00a0 l\u2019intox.\u00a0 En effet,\u00a0 le chef du MSP, dont une rumeur persistante faisait \u00e9tat de sa convocation par le tribunal militaire de Blida pour avoir rencontr\u00e9 Sa\u00efd Bouteflika a tenu \u00e0 d\u00e9mentir l\u2019information et d\u00e9clar\u00e9\u00a0 qu\u2019elle est infond\u00e9e\u00a0 et sans le moindre sens. Il a accus\u00e9 des \u201ccourants\u201d d\u2019avoir propag\u00e9 cette rumeur car \u201cle MSP est une formation politique qui a toutes les chances de remporter n\u2019importe quelle \u00e9lection, si celle-ci est transparente\u201d, a-t-il d\u00e9clar\u00e9. Le chef du MSP n\u2019\u00e9carte pas la piste de la malveillance de ses adversaires au sein m\u00eame de son parti.<\/div>\n<\/div>\n<p>Auteur: R\u00e9flexion<br \/>\n<a href=\"https:\/\/www.reflexiondz.net\/Mokri-en-guerre-contre-l-intox_a57474.html\">Cliquez ici pour lire l&rsquo;article depuis sa source.<\/a><\/p>\n","protected":false},"excerpt":{"rendered":"<p>Apr\u00e8s un tr\u00e8s long silence m\u00e9diatique, M. Abderrezak Makri a accord\u00e9 un long entretien au quotidien arabophone El Khabar, le\u00a0 jeudi 4 septembre\u00a0 et\u00a0 part en guerre contre\u00a0 l\u2019intox.\u00a0 En effet,\u00a0 le chef du MSP, dont une rumeur persistante faisait \u00e9tat de sa convocation par le tribunal militaire de Blida pour avoir rencontr\u00e9 Sa\u00efd Bouteflika [&hellip;]<\/p>\n","protected":false},"author":1740,"featured_media":0,"comment_status":"closed","ping_status":"closed","sticky":false,"template":"","format":"standard","meta":{"fifu_image_url":"","fifu_image_alt":"","footnotes":""},"categories":[53,76],"tags":[],"class_list":["post-60353","post","type-post","status-publish","format-standard","hentry","category-algerie","category-regions"],"_links":{"self":[{"href":"https:\/\/linitiative.ca\/International\/wp-json\/wp\/v2\/posts\/60353","targetHints":{"allow":["GET"]}}],"collection":[{"href":"https:\/\/linitiative.ca\/International\/wp-json\/wp\/v2\/posts"}],"about":[{"href":"https:\/\/linitiative.ca\/International\/wp-json\/wp\/v2\/types\/post"}],"author":[{"embeddable":true,"href":"https:\/\/linitiative.ca\/International\/wp-json\/wp\/v2\/users\/1740"}],"replies":[{"embeddable":true,"href":"https:\/\/linitiative.ca\/International\/wp-json\/wp\/v2\/comments?post=60353"}],"version-history":[{"count":0,"href":"https:\/\/linitiative.ca\/International\/wp-json\/wp\/v2\/posts\/60353\/revisions"}],"wp:attachment":[{"href":"https:\/\/linitiative.ca\/International\/wp-json\/wp\/v2\/media?parent=60353"}],"wp:term":[{"taxonomy":"category","embeddable":true,"href":"https:\/\/linitiative.ca\/International\/wp-json\/wp\/v2\/categories?post=60353"},{"taxonomy":"post_tag","embeddable":true,"href":"https:\/\/linitiative.ca\/International\/wp-json\/wp\/v2\/tags?post=60353"}],"curies":[{"name":"wp","href":"https:\/\/api.w.org\/{rel}","templated":true}]}}