{"id":60355,"date":"2019-09-06T14:30:00","date_gmt":"2019-09-06T18:30:00","guid":{"rendered":"https:\/\/linitiative.ca\/International\/rentree-scolaire-a-mostaganem-14181-nouveaux-eleves-inscrits\/"},"modified":"2019-09-06T14:30:00","modified_gmt":"2019-09-06T18:30:00","slug":"rentree-scolaire-a-mostaganem-14181-nouveaux-eleves-inscrits","status":"publish","type":"post","link":"https:\/\/linitiative.ca\/International\/rentree-scolaire-a-mostaganem-14181-nouveaux-eleves-inscrits\/","title":{"rendered":"RENTREE SCOLAIRE A MOSTAGANEM : 14181 nouveaux  \u00e9l\u00e8ves inscrits"},"content":{"rendered":"<p><br id=\"sep_para_1\" class=\"sep_para access\"\/><\/p>\n<div id=\"para_1\" class=\"para_32880894 resize\">\n<div class=\"texte access firstletter\">Le directeur\u00a0 de l\u2019\u00e9ducation de wilaya, M. Larbi Benchohra a indiqu\u00e9 que la rentr\u00e9e scolaire 2019-2020, s\u2019est d\u00e9roul\u00e9e dans des conditions normales En effet, il a \u00e9t\u00e9 enregistr\u00e9\u00a0 14181 nouveaux \u00e9l\u00e8ves avec un nombre total au niveau de la wilaya de\u00a0 213234 \u00e9l\u00e8ves\u00a0 scolaris\u00e9s avec un encadrement\u00a0 garanti et n\u00e9cessaire. Le taux de scolarisation dans les\u00a0 3 paliers de l\u2019enseignement\u00a0 est en hausse avec\u00a0 plus de 7% par rapport \u00e0 l\u2019ann\u00e9e scolaire pr\u00e9c\u00e9dente. Ce qui signifie que le nombre d\u2019\u00e9l\u00e8ves scolaris\u00e9s par cycle est de : 7403 \u00e9l\u00e8ves pour le\u00a0 pr\u00e9paratoire ; 11633 pour le primaire ; 68377\u00a0 pour le moyen et 21421 pour le secondaire, soit un total de 213234 \u00e9l\u00e8ves scolaris\u00e9s \u00e0 travers les \u00e9tablissements scolaires de la wilaya de Mostaganem. La direction de l\u2019\u00e9ducation a r\u00e9alis\u00e9 des infrastructures scolaires pour faire face \u00e0 la surcharge des classes des \u00e9coles primaires : 9 divisions \u00e0 la cit\u00e9 Terfes de Bouguirat,\u00a0 6 classes au centre urbain Mesra,\u00a0 12 divisions au p\u00f4le de Hchem Sayada et 12 autres \u00e0 Hassi Mameche. Les groupes scolaires\u00a0 dans les 3 paliers de l\u2019enseignement\u00a0 sont de : 3734 dans le primaire, 1857 dans le moyen et 1027 dans le secondaire, d\u2019un total de 6618 groupes scolaires. Cependant, il reste des travaux de r\u00e9alisation non achev\u00e9s dans deux \u00e9coles de Hadjadj\u00a0 et\u00a0 Benabdelmalek\u00a0 Ramdane dont les travaux seront achev\u00e9s, fin septembre de l\u2019ann\u00e9e en cours a-t-il soulign\u00e9. A cela s\u2019ajoute 3 CEM, dont un coll\u00e8ge implant\u00e9\u00a0 \u00e0 Merzouka, dans la localit\u00e9 de\u00a0 Kheir Eddine,\u00a0 un autre au bas Mazagran et un dernier \u00e0 Hchem II dans la bourgade de Sayada. Notons que, des travaux d\u2019am\u00e9nagement et de r\u00e9habilitation\u00a0 dans des \u00e9coles primaires ne sont pas encore achev\u00e9s, alors que la rentr\u00e9e scolaire est l\u00e0. Cet \u00e9tat de fait perturbe, tant soit peu, les \u00e9coliers par le gravas\u00a0 entrepos\u00e9 \u00e7a et l\u00e0 aux alentours des \u00e9tablissements en cours de r\u00e9alisation.\u00a0 Il aurait \u00e9t\u00e9\u00a0 pr\u00e9f\u00e9rable que les travaux de mat\u00e9rialisation soient entrepris avant la rentr\u00e9e.\u00a0\u00a0\u00a0\u00a0\u00a0\u00a0\u00a0\u00a0\u00a0\u00a0\u00a0\u00a0\u00a0\u00a0\u00a0\u00a0\u00a0\u00a0\u00a0\u00a0\u00a0\u00a0\u00a0\u00a0\u00a0\u00a0\u00a0\u00a0\u00a0\u00a0\u00a0\u00a0\u00a0\u00a0<\/div>\n<\/div>\n<p>Auteur: G .Yacine<br \/>\n<a href=\"https:\/\/www.reflexiondz.net\/RENTREE-SCOLAIRE-A-MOSTAGANEM-14181-nouveaux-eleves-inscrits_a57478.html\">Cliquez ici pour lire l&rsquo;article depuis sa source.<\/a><\/p>\n","protected":false},"excerpt":{"rendered":"<p>Le directeur\u00a0 de l\u2019\u00e9ducation de wilaya, M. Larbi Benchohra a indiqu\u00e9 que la rentr\u00e9e scolaire 2019-2020, s\u2019est d\u00e9roul\u00e9e dans des conditions normales En effet, il a \u00e9t\u00e9 enregistr\u00e9\u00a0 14181 nouveaux \u00e9l\u00e8ves avec un nombre total au niveau de la wilaya de\u00a0 213234 \u00e9l\u00e8ves\u00a0 scolaris\u00e9s avec un encadrement\u00a0 garanti et n\u00e9cessaire. Le taux de scolarisation dans [&hellip;]<\/p>\n","protected":false},"author":1740,"featured_media":0,"comment_status":"closed","ping_status":"closed","sticky":false,"template":"","format":"standard","meta":{"fifu_image_url":"","fifu_image_alt":"","footnotes":""},"categories":[53,76],"tags":[],"class_list":["post-60355","post","type-post","status-publish","format-standard","hentry","category-algerie","category-regions"],"_links":{"self":[{"href":"https:\/\/linitiative.ca\/International\/wp-json\/wp\/v2\/posts\/60355","targetHints":{"allow":["GET"]}}],"collection":[{"href":"https:\/\/linitiative.ca\/International\/wp-json\/wp\/v2\/posts"}],"about":[{"href":"https:\/\/linitiative.ca\/International\/wp-json\/wp\/v2\/types\/post"}],"author":[{"embeddable":true,"href":"https:\/\/linitiative.ca\/International\/wp-json\/wp\/v2\/users\/1740"}],"replies":[{"embeddable":true,"href":"https:\/\/linitiative.ca\/International\/wp-json\/wp\/v2\/comments?post=60355"}],"version-history":[{"count":0,"href":"https:\/\/linitiative.ca\/International\/wp-json\/wp\/v2\/posts\/60355\/revisions"}],"wp:attachment":[{"href":"https:\/\/linitiative.ca\/International\/wp-json\/wp\/v2\/media?parent=60355"}],"wp:term":[{"taxonomy":"category","embeddable":true,"href":"https:\/\/linitiative.ca\/International\/wp-json\/wp\/v2\/categories?post=60355"},{"taxonomy":"post_tag","embeddable":true,"href":"https:\/\/linitiative.ca\/International\/wp-json\/wp\/v2\/tags?post=60355"}],"curies":[{"name":"wp","href":"https:\/\/api.w.org\/{rel}","templated":true}]}}