{"id":60356,"date":"2019-09-06T14:30:00","date_gmt":"2019-09-06T18:30:00","guid":{"rendered":"https:\/\/linitiative.ca\/International\/mostaganem-plan-de-securite-pour-la-rentree-sociale\/"},"modified":"2019-09-06T14:30:00","modified_gmt":"2019-09-06T18:30:00","slug":"mostaganem-plan-de-securite-pour-la-rentree-sociale","status":"publish","type":"post","link":"https:\/\/linitiative.ca\/International\/mostaganem-plan-de-securite-pour-la-rentree-sociale\/","title":{"rendered":"MOSTAGANEM : Plan de s\u00e9curit\u00e9 pour la rentr\u00e9e sociale"},"content":{"rendered":"<p><br id=\"sep_para_1\" class=\"sep_para access\"\/><\/p>\n<div id=\"para_1\" class=\"para_32880892 resize\">\n<div class=\"texte access firstletter\">Dans le cadre de la rentr\u00e9e sociale 2020\/2019, la s\u00fbret\u00e9 nationale\u00a0 de Mostaganem a mis en place un plan de s\u00e9curit\u00e9, garantissant une rentr\u00e9e sociale calme et paisible et ce, en s\u00e9curisant les \u00e9tablissements d&rsquo;enseignement ainsi que leur environnement .Pour se faire, il s\u2019agit de pr\u00e9venir tout danger susceptible de perturber la rentr\u00e9e des classes du 04 septembre 2019. C\u2019est ce qui ressort du communiqu\u00e9 officiel de la s\u00fbret\u00e9 de wilaya de Mostaganem. Selon\u00a0 les informations de ce communiqu\u00e9, ce plan de s\u00e9curit\u00e9 repose sur les points suivants: 1- Elargissement du plan de s\u00e9curit\u00e9 sur le terrain \u00e0 travers\u00a0 le territoire de comp\u00e9tences de\u00a0 la police et le renforcement de sa pr\u00e9sence \u00e0 travers les axes de rotation\u00a0 ainsi que les carrefours proches des \u00e9tablissements d\u2019enseignement.2- Assurer une grande fluidit\u00e9, en particulier pendant les p\u00e9riodes d&rsquo;entr\u00e9e et de sortie des enseignants. Pour cela, une pr\u00e9sence polici\u00e8re pour r\u00e9guler la circulation, tout en assurant mobilit\u00e9 et\u00a0 s\u00e9curit\u00e9 aux \u00e9coliers.3- Renforcement des points de contr\u00f4le de la circulation \u00e0 proximit\u00e9 des chemins des \u00e9tablissements d\u2019enseignement ,et en particulier, ceux qui sont\u00a0 proches des axes \u00e0 densit\u00e9\u00a0 \u00e9lev\u00e9e de trafic routier.3- Intensifier les patrouilles de s\u00e9curit\u00e9 fixes ainsi que\u00a0 mobiles des forces de police judiciaire et la r\u00e9pression de la criminalit\u00e9 .L\u2019objectif est de pouvoir contrer toute \u00e9ventuelle agression pr\u00e9sentant un\u00a0 danger pour la s\u00e9curit\u00e9 des \u00e9tudiants ou pour le caract\u00e8re sacr\u00e9 des \u00e9tablissements d&rsquo;enseignement.4- Lutte contre les maux sociaux \u00e0 proximit\u00e9 des \u00e9tablissements d\u2019enseignement, en particulier le ph\u00e9nom\u00e8ne de la criminalit\u00e9 routi\u00e8re ainsi que le ph\u00e9nom\u00e8ne\u00a0 de trafic de drogues.5- S\u00e9curisation des magasins et des \u00e9tablissements\u00a0 de vente des fournitures qui connaissent une forte affluence des citoyens. Par ailleurs, la direction de la s\u00fbret\u00e9 nationale de Mostaganem rappelle\u00a0 aux citoyens qu\u2019elle met \u00e0 leur disposition ses num\u00e9ros verts : les 15-48 ; 17 ; 114 .Ces derniers permettraient ainsi \u00e0 toute personne de signaler tout \u00e9ventuel incident susceptible de porter atteinte \u00e0 l\u2019ordre public.\u00a0\u00a0\u00a0\u00a0\u00a0\u00a0\u00a0\u00a0\u00a0\u00a0\u00a0\u00a0\u00a0\u00a0\u00a0\u00a0<\/div>\n<\/div>\n<p>Auteur: Younes Zahachi<br \/>\n<a href=\"https:\/\/www.reflexiondz.net\/MOSTAGANEM-Plan-de-securite-pour-la-rentree-sociale_a57477.html\">Cliquez ici pour lire l&rsquo;article depuis sa source.<\/a><\/p>\n","protected":false},"excerpt":{"rendered":"<p>Dans le cadre de la rentr\u00e9e sociale 2020\/2019, la s\u00fbret\u00e9 nationale\u00a0 de Mostaganem a mis en place un plan de s\u00e9curit\u00e9, garantissant une rentr\u00e9e sociale calme et paisible et ce, en s\u00e9curisant les \u00e9tablissements d&rsquo;enseignement ainsi que leur environnement .Pour se faire, il s\u2019agit de pr\u00e9venir tout danger susceptible de perturber la rentr\u00e9e des classes [&hellip;]<\/p>\n","protected":false},"author":1740,"featured_media":0,"comment_status":"closed","ping_status":"closed","sticky":false,"template":"","format":"standard","meta":{"fifu_image_url":"","fifu_image_alt":"","footnotes":""},"categories":[53,76],"tags":[],"class_list":["post-60356","post","type-post","status-publish","format-standard","hentry","category-algerie","category-regions"],"_links":{"self":[{"href":"https:\/\/linitiative.ca\/International\/wp-json\/wp\/v2\/posts\/60356","targetHints":{"allow":["GET"]}}],"collection":[{"href":"https:\/\/linitiative.ca\/International\/wp-json\/wp\/v2\/posts"}],"about":[{"href":"https:\/\/linitiative.ca\/International\/wp-json\/wp\/v2\/types\/post"}],"author":[{"embeddable":true,"href":"https:\/\/linitiative.ca\/International\/wp-json\/wp\/v2\/users\/1740"}],"replies":[{"embeddable":true,"href":"https:\/\/linitiative.ca\/International\/wp-json\/wp\/v2\/comments?post=60356"}],"version-history":[{"count":0,"href":"https:\/\/linitiative.ca\/International\/wp-json\/wp\/v2\/posts\/60356\/revisions"}],"wp:attachment":[{"href":"https:\/\/linitiative.ca\/International\/wp-json\/wp\/v2\/media?parent=60356"}],"wp:term":[{"taxonomy":"category","embeddable":true,"href":"https:\/\/linitiative.ca\/International\/wp-json\/wp\/v2\/categories?post=60356"},{"taxonomy":"post_tag","embeddable":true,"href":"https:\/\/linitiative.ca\/International\/wp-json\/wp\/v2\/tags?post=60356"}],"curies":[{"name":"wp","href":"https:\/\/api.w.org\/{rel}","templated":true}]}}