{"id":60357,"date":"2019-09-06T14:34:00","date_gmt":"2019-09-06T18:34:00","guid":{"rendered":"https:\/\/linitiative.ca\/International\/sidi-bel-abbes-decouverte-dun-corps-sans-vie-crible-de-balles-a-safsaf\/"},"modified":"2019-09-06T14:34:00","modified_gmt":"2019-09-06T18:34:00","slug":"sidi-bel-abbes-decouverte-dun-corps-sans-vie-crible-de-balles-a-safsaf","status":"publish","type":"post","link":"https:\/\/linitiative.ca\/International\/sidi-bel-abbes-decouverte-dun-corps-sans-vie-crible-de-balles-a-safsaf\/","title":{"rendered":"SIDI BEL ABBES : D\u00e9couverte d&rsquo;un corps sans vie, cribl\u00e9 de balles \u00e0 Safsaf"},"content":{"rendered":"<p><br id=\"sep_para_1\" class=\"sep_para access\"\/><\/p>\n<div id=\"para_1\" class=\"para_32880920 resize\">\n<div class=\"photo shadow left\"><a href=\"javascript:void(0)\" rel=\"https:\/\/www.reflexiondz.net\/photo\/art\/grande\/37082914-32880920.jpg?v=1567796825&#038;ibox\" title=\"SIDI BEL ABBES : D\u00e9couverte d'un corps sans vie, cribl\u00e9 de balles \u00e0 Safsaf\"><img decoding=\"async\" class=\"responsive c9\" src=\"https:\/\/www.reflexiondz.net\/photo\/art\/grande\/37082914-32880920.jpg?v=1567796825\" alt=\"SIDI BEL ABBES : D\u00e9couverte d'un corps sans vie, cribl\u00e9 de balles \u00e0 Safsaf\" title=\"SIDI BEL ABBES : D\u00e9couverte d'un corps sans vie, cribl\u00e9 de balles \u00e0 Safsaf\"\/><img decoding=\"async\" class=\"not-responsive\" src=\"https:\/\/www.reflexiondz.net\/photo\/art\/default\/37082914-32880920.jpg?v=1567796830\" alt=\"SIDI BEL ABBES : D\u00e9couverte d'un corps sans vie, cribl\u00e9 de balles \u00e0 Safsaf\" title=\"SIDI BEL ABBES : D\u00e9couverte d'un corps sans vie, cribl\u00e9 de balles \u00e0 Safsaf\"\/><\/a><\/div>\n<div class=\"texte access firstletter\">Ce mercredi\u00a0 04 septembre 2019, des riverains de Safsaf, \u00e0\u00a0 07 km de Ben Badis, dans la partie ouest de Sidi Bel Abbes, ont d\u00e9couvert un corps d&rsquo;un agriculteur gisant dans une mare de sang, \u00e0 l&rsquo;int\u00e9rieur de son exploitation agricole, a-t-on appris d&rsquo;un communiqu\u00e9 de la direction de la protection civile. Il s&rsquo;agirait, selon le communiqu\u00e9, du\u00a0 cadavre, cribl\u00e9 de balles, d&rsquo;un\u00a0 quinquag\u00e9naire r\u00e9pondant aux initiales de K.M.\u00a0 Alert\u00e9s, les agents de la protection civile ont transport\u00e9 la d\u00e9pouille \u00e0 la morgue de l&rsquo;EPH de Ben Badis o\u00f9 une autopsie serait pratiqu\u00e9e afin de d\u00e9terminer le mobile et la date exacte de la mort.\u00a0 Les \u00e9l\u00e9ments de la gendarmerie nationale ont, quant \u00e0 eux, proc\u00e9d\u00e9 \u00e0 l&rsquo;ouverture d&rsquo;une enqu\u00eate pour d\u00e9terminer les circonstances pr\u00e9cises de ce drame.\u00a0\u00a0\u00a0\u00a0\u00a0\u00a0\u00a0\u00a0\u00a0\u00a0\u00a0\u00a0\u00a0\u00a0\u00a0\u00a0\u00a0\u00a0\u00a0\u00a0<\/div>\n<\/div>\n<p>Auteur: N.Moussa<br \/>\n<a href=\"https:\/\/www.reflexiondz.net\/SIDI-BEL-ABBES-Decouverte-d-un-corps-sans-vie-crible-de-balles-a-Safsaf_a57479.html\">Cliquez ici pour lire l&rsquo;article depuis sa source.<\/a><\/p>\n","protected":false},"excerpt":{"rendered":"<p>Ce mercredi\u00a0 04 septembre 2019, des riverains de Safsaf, \u00e0\u00a0 07 km de Ben Badis, dans la partie ouest de Sidi Bel Abbes, ont d\u00e9couvert un corps d&rsquo;un agriculteur gisant dans une mare de sang, \u00e0 l&rsquo;int\u00e9rieur de son exploitation agricole, a-t-on appris d&rsquo;un communiqu\u00e9 de la direction de la protection civile. Il s&rsquo;agirait, selon [&hellip;]<\/p>\n","protected":false},"author":1740,"featured_media":0,"comment_status":"closed","ping_status":"closed","sticky":false,"template":"","format":"standard","meta":{"fifu_image_url":"","fifu_image_alt":"","footnotes":""},"categories":[53,76],"tags":[],"class_list":["post-60357","post","type-post","status-publish","format-standard","hentry","category-algerie","category-regions"],"_links":{"self":[{"href":"https:\/\/linitiative.ca\/International\/wp-json\/wp\/v2\/posts\/60357","targetHints":{"allow":["GET"]}}],"collection":[{"href":"https:\/\/linitiative.ca\/International\/wp-json\/wp\/v2\/posts"}],"about":[{"href":"https:\/\/linitiative.ca\/International\/wp-json\/wp\/v2\/types\/post"}],"author":[{"embeddable":true,"href":"https:\/\/linitiative.ca\/International\/wp-json\/wp\/v2\/users\/1740"}],"replies":[{"embeddable":true,"href":"https:\/\/linitiative.ca\/International\/wp-json\/wp\/v2\/comments?post=60357"}],"version-history":[{"count":0,"href":"https:\/\/linitiative.ca\/International\/wp-json\/wp\/v2\/posts\/60357\/revisions"}],"wp:attachment":[{"href":"https:\/\/linitiative.ca\/International\/wp-json\/wp\/v2\/media?parent=60357"}],"wp:term":[{"taxonomy":"category","embeddable":true,"href":"https:\/\/linitiative.ca\/International\/wp-json\/wp\/v2\/categories?post=60357"},{"taxonomy":"post_tag","embeddable":true,"href":"https:\/\/linitiative.ca\/International\/wp-json\/wp\/v2\/tags?post=60357"}],"curies":[{"name":"wp","href":"https:\/\/api.w.org\/{rel}","templated":true}]}}