{"id":60366,"date":"2019-09-06T13:57:41","date_gmt":"2019-09-06T17:57:41","guid":{"rendered":"https:\/\/linitiative.ca\/International\/classement-des-villes-les-plus-agreables-les-gilets-jaunes-font-chuter-paris\/"},"modified":"2019-09-06T13:57:41","modified_gmt":"2019-09-06T17:57:41","slug":"classement-des-villes-les-plus-agreables-les-gilets-jaunes-font-chuter-paris","status":"publish","type":"post","link":"https:\/\/linitiative.ca\/International\/classement-des-villes-les-plus-agreables-les-gilets-jaunes-font-chuter-paris\/","title":{"rendered":"Classement des villes les plus agr\u00e9ables : les gilets jaunes font chuter Paris"},"content":{"rendered":"<p><strong>Paris en 25<\/strong><sup><strong>\u00e8me<\/strong><\/sup><strong>position dans le classement des villes les plus agr\u00e9ables,<\/strong> <a rel=\"noreferrer noopener\" href=\"https:\/\/www.eiu.com\/topic\/liveability\" target=\"_blank\"><strong>publi\u00e9 mercredi<\/strong><\/a> <strong>par \u00ab\u00a0Economist Intelligence Unit\u00a0\u00bb, la cellule de recherche et d\u2019analyse affili\u00e9e \u00e0 l\u2019hebdomadaire anglais\u00a0The Economist.<\/strong><em><strong>\u00a0<\/strong><\/em><\/p>\n<div class=\"c10\"\/>\n<p>Vienne, la capitale autrichienne, est nomm\u00e9e ville la plus agr\u00e9able du monde, ses infrastructures, la qualit\u00e9 de l\u2019air, son offre culturelle, \u00e9ducative et m\u00e9dicale fr\u00f4lent la perfection, dans un contexte de stabilit\u00e9 enviable, analysent les auteurs. Pour la deuxi\u00e8me ann\u00e9e cons\u00e9cutive, la capitale autrichienne a obtenu un score de 99,1 points, devant Melbourne (98,4), rest\u00e9 des ann\u00e9es premi\u00e8re du palmar\u00e8s, et Sydney (98,1).<\/p>\n<p>Quant \u00e0 Paris, elle perd six places, d\u2019apr\u00e8s le magazine; les \u00ab\u00a0manifestations antigouvernementales\u00a0\u00bb ont fragilis\u00e9 la stabilit\u00e9 \u00e9conomique et politique de la capitale fran\u00e7aise. D\u2019apr\u00e8s\u00a0<em>The Economist<\/em>, \u00ab\u00a0<em>Paris est la ville la mieux class\u00e9e au monde \u00e0 avoir vu sa cote de stabilit\u00e9 se d\u00e9t\u00e9riorer en raison des manifestations antigouvernementales fin 2018\u00a0<\/em>\u00bb.<\/p>\n<p>Le classement \u00e9value 140 agglom\u00e9rations sur une \u00e9chelle de 100 points, selon le niveau de vie, la criminalit\u00e9, les r\u00e9seaux de transport, l\u2019acc\u00e8s \u00e0 l\u2019\u00e9ducation et \u00e0 la m\u00e9decine ou encore les effets du changement climatique \u2013 pointe un indicateur bien pr\u00e9cis\u00a0: la stabilit\u00e9 \u00e9conomique et politique.<\/p>\n<div class=\"c17\">\n<fieldset class=\"c16\">\n<legend><strong><span class=\"c11\">Challenge<\/span><span class=\"c12\">news<\/span><\/strong><\/legend>\n<div class=\"c15\">Le meilleur de la r\u00e9daction s\u00e9lectionn\u00e9 par Challenge :<\/p>\n<\/div>\n<\/fieldset>\n<\/div>\n<p>Auteur: challenge<br \/>\n<a href=\"https:\/\/www.challenge.ma\/classement-des-villes-les-plus-agreables-les-gilets-jaunes-font-chuter-paris-116701\/\">Cliquez ici pour lire l&rsquo;article depuis sa source.<\/a><\/p>\n","protected":false},"excerpt":{"rendered":"<p>Paris en 25\u00e8meposition dans le classement des villes les plus agr\u00e9ables, publi\u00e9 mercredi par \u00ab\u00a0Economist Intelligence Unit\u00a0\u00bb, la cellule de recherche et d\u2019analyse affili\u00e9e \u00e0 l\u2019hebdomadaire anglais\u00a0The Economist.\u00a0 Vienne, la capitale autrichienne, est nomm\u00e9e ville la plus agr\u00e9able du monde, ses infrastructures, la qualit\u00e9 de l\u2019air, son offre culturelle, \u00e9ducative et m\u00e9dicale fr\u00f4lent la perfection, [&hellip;]<\/p>\n","protected":false},"author":1787,"featured_media":0,"comment_status":"closed","ping_status":"closed","sticky":false,"template":"","format":"standard","meta":{"fifu_image_url":"","fifu_image_alt":"","footnotes":""},"categories":[78,54],"tags":[],"class_list":["post-60366","post","type-post","status-publish","format-standard","hentry","category-economie","category-maroc"],"_links":{"self":[{"href":"https:\/\/linitiative.ca\/International\/wp-json\/wp\/v2\/posts\/60366","targetHints":{"allow":["GET"]}}],"collection":[{"href":"https:\/\/linitiative.ca\/International\/wp-json\/wp\/v2\/posts"}],"about":[{"href":"https:\/\/linitiative.ca\/International\/wp-json\/wp\/v2\/types\/post"}],"author":[{"embeddable":true,"href":"https:\/\/linitiative.ca\/International\/wp-json\/wp\/v2\/users\/1787"}],"replies":[{"embeddable":true,"href":"https:\/\/linitiative.ca\/International\/wp-json\/wp\/v2\/comments?post=60366"}],"version-history":[{"count":0,"href":"https:\/\/linitiative.ca\/International\/wp-json\/wp\/v2\/posts\/60366\/revisions"}],"wp:attachment":[{"href":"https:\/\/linitiative.ca\/International\/wp-json\/wp\/v2\/media?parent=60366"}],"wp:term":[{"taxonomy":"category","embeddable":true,"href":"https:\/\/linitiative.ca\/International\/wp-json\/wp\/v2\/categories?post=60366"},{"taxonomy":"post_tag","embeddable":true,"href":"https:\/\/linitiative.ca\/International\/wp-json\/wp\/v2\/tags?post=60366"}],"curies":[{"name":"wp","href":"https:\/\/api.w.org\/{rel}","templated":true}]}}