{"id":60389,"date":"2019-09-06T16:50:02","date_gmt":"2019-09-06T20:50:02","guid":{"rendered":"https:\/\/linitiative.ca\/International\/le-directeur-de-laiea-va-rencontrer-des-responsables-iraniens-selon-un-porte-parole\/"},"modified":"2019-09-06T16:50:02","modified_gmt":"2019-09-06T20:50:02","slug":"le-directeur-de-laiea-va-rencontrer-des-responsables-iraniens-selon-un-porte-parole","status":"publish","type":"post","link":"https:\/\/linitiative.ca\/International\/le-directeur-de-laiea-va-rencontrer-des-responsables-iraniens-selon-un-porte-parole\/","title":{"rendered":"Le directeur de l\u2019AIEA va rencontrer des responsables iraniens selon un porte-parole"},"content":{"rendered":"<div readability=\"32\">\n<p>Publi\u00e9 le 06.09.2019 \u00e0 21h50 par AFP<\/p>\n<\/div>\n<div readability=\"106\">\n<p>Le directeur g\u00e9n\u00e9ral de l\u2019Agence internationale de l\u2019\u00e9nergie atomique (AIEA) doit rencontrer de hauts responsables iraniens en Iran ce week-end, a annonc\u00e9 vendredi soir cette agence de l\u2019ONU.<\/p>\n<p>\u00ab\u00a0Le directeur g\u00e9n\u00e9ral par interim de l\u2019AIEA Cornel Feruta va se rendre \u00e0 T\u00e9h\u00e9ran samedi pour y rencontrer de hauts responsables iraniens dimanche 8 septembre\u00a0\u00bb, a indiqu\u00e9 l\u2019agence dans un communiqu\u00e9, alors que l\u2019Iran et les Etats-Unis sont engag\u00e9s dans une partie de bras de fer autour de l\u2019accord de 2015 sur le nucl\u00e9aire iranien dont Washington est sorti.<\/p>\n<p>\u00ab\u00a0Cette visite s\u2019inscrit dans le cadre d\u2019interactions en cours entre l\u2019AIEA et l\u2019Iran\u00a0\u00bb, explique l\u2019agence, ajoutant que cela incluait le processus de \u00ab\u00a0v\u00e9rification et surveillance par l\u2019AIEA en Iran en vertu\u00a0\u00bb de l\u2019accord de Vienne sur le nucl\u00e9aire iranien.<\/p>\n<p>Conclu en 2015 entre l\u2019Iran et le groupe 5+1 (Etats-Unis, Chine, Russie, Royaume-Uni, France et Allemagne), cet accord avait permis la lev\u00e9e d\u2019une partie des sanctions visant T\u00e9h\u00e9ran en \u00e9change de l\u2019engagement iranien de ne pas se doter de l\u2019arme nucl\u00e9aire.<\/p>\n<p>En r\u00e9ponse au retrait am\u00e9ricain de l\u2019accord en 2018, d\u00e9cid\u00e9 par Donald Trump et suivi du r\u00e9tablissement de sanctions \u00e9conomiques punitives, et \u00e0 l\u2019incapacit\u00e9 des Europ\u00e9ens pour l\u2019aider \u00e0 contourner ces sanctions, l\u2019Iran a commenc\u00e9 en mai \u00e0 se d\u00e9sengager tr\u00e8s progressivement de ses obligations prises dans le cadre de l\u2019accord international et menace de s\u2019affranchir d\u2019autres obligations.<\/p>\n<p>T\u00e9h\u00e9ran a annonc\u00e9 mercredi une nouvelle \u00e9tape visant \u00e0 faire sauter toute limite \u00e0 la recherche et d\u00e9veloppement dans le domaine nucl\u00e9aire.<\/p>\n<p>Samedi, le porte-parole de l\u2019Organisation iranienne de l\u2019\u00e9nergie atomique (OIEA), Behrouz Kamalvandi, d\u00e9voilera dans le d\u00e9tail la fa\u00e7on dont est ex\u00e9cut\u00e9 l\u2019ordre du pr\u00e9sident Hassan Rohani concernant le nucl\u00e9aire, selon l\u2019agence semi-officielle Isna.<\/p>\n<p>Vendredi, le chef de la diplomatie am\u00e9ricaine Mike Pompeo a jug\u00e9 \u00ab\u00a0inacceptable\u00a0\u00bb la nouvelle r\u00e9duction des engagements pris par l\u2019Iran pour encadrer ses activit\u00e9s nucl\u00e9aires et appel\u00e9 les Europ\u00e9ens \u00e0 \u00ab\u00a0mettre fin au chantage\u00a0\u00bb iranien.<\/p>\n<p>Plus t\u00f4t dans la journ\u00e9e, la Commission europ\u00e9enne avait insist\u00e9 sur le \u00ab\u00a0r\u00f4le cl\u00e9\u00a0\u00bb de l\u2019AIEA dans le contr\u00f4le des activit\u00e9s nucl\u00e9aires de l\u2019Iran, exprimant sa \u00ab\u00a0grande pr\u00e9occupation\u00a0\u00bb face \u00e0 la r\u00e9duction par T\u00e9h\u00e9ran de ses engagements.<\/p>\n<p>L\u2019AIEA a \u00ab\u00a0un r\u00f4le cl\u00e9 (\u2026) pour surveiller et v\u00e9rifier l\u2019application par l\u2019Iran de ses engagements nucl\u00e9aires\u00a0\u00bb en vertu de l\u2019accord de 2015, a d\u00e9clar\u00e9 une porte-parole de la Commission, Maja Kocijancic, lors d\u2019un point presse.<\/p>\n<p>\u00ab\u00a0Nous notons avec une grande pr\u00e9occupation cette annonce faite par l\u2019Iran\u00a0\u00bb, a encore indiqu\u00e9 la porte-parole de la Commission, exhortant \u00e0 nouveau l\u2019Iran \u00e0 \u00ab\u00a0faire machine arri\u00e8re\u00a0\u00bb et \u00e0 \u00ab\u00a0ne prendre aucune autre mesure qui saperait\u00a0\u00bb l\u2019accord.<\/p>\n<p>Dans son dernier rapport sur le programme nucl\u00e9aire iranien le 30 ao\u00fbt, l\u2019AIEA a indiqu\u00e9 qu\u2019elle poursuivait son travail de v\u00e9rification \u00e0 l\u2019aide de cam\u00e9ras et de visites sur le terrain. Mais l\u2019agence a rappel\u00e9 que ses activit\u00e9s de contr\u00f4le \u00ab\u00a0requi\u00e8rent une coop\u00e9ration totale et r\u00e9active de l\u2019Iran\u00a0\u00bb.<\/p>\n<\/div>\n<p>Auteur: AFP<br \/>\n<a href=\"https:\/\/www.journalducameroun.com\/le-directeur-de-laiea-va-rencontrer-des-responsables-iraniens-selon-un-porte-parole\/\">Cliquez ici pour lire l&rsquo;article depuis sa source.<\/a><\/p>\n","protected":false},"excerpt":{"rendered":"<p>Publi\u00e9 le 06.09.2019 \u00e0 21h50 par AFP Le directeur g\u00e9n\u00e9ral de l\u2019Agence internationale de l\u2019\u00e9nergie atomique (AIEA) doit rencontrer de hauts responsables iraniens en Iran ce week-end, a annonc\u00e9 vendredi soir cette agence de l\u2019ONU. \u00ab\u00a0Le directeur g\u00e9n\u00e9ral par interim de l\u2019AIEA Cornel Feruta va se rendre \u00e0 T\u00e9h\u00e9ran samedi pour y rencontrer de hauts [&hellip;]<\/p>\n","protected":false},"author":1965,"featured_media":0,"comment_status":"closed","ping_status":"closed","sticky":false,"template":"","format":"standard","meta":{"fifu_image_url":"","fifu_image_alt":"","footnotes":""},"categories":[73,82],"tags":[],"class_list":["post-60389","post","type-post","status-publish","format-standard","hentry","category-actualite","category-cameroun"],"_links":{"self":[{"href":"https:\/\/linitiative.ca\/International\/wp-json\/wp\/v2\/posts\/60389","targetHints":{"allow":["GET"]}}],"collection":[{"href":"https:\/\/linitiative.ca\/International\/wp-json\/wp\/v2\/posts"}],"about":[{"href":"https:\/\/linitiative.ca\/International\/wp-json\/wp\/v2\/types\/post"}],"author":[{"embeddable":true,"href":"https:\/\/linitiative.ca\/International\/wp-json\/wp\/v2\/users\/1965"}],"replies":[{"embeddable":true,"href":"https:\/\/linitiative.ca\/International\/wp-json\/wp\/v2\/comments?post=60389"}],"version-history":[{"count":0,"href":"https:\/\/linitiative.ca\/International\/wp-json\/wp\/v2\/posts\/60389\/revisions"}],"wp:attachment":[{"href":"https:\/\/linitiative.ca\/International\/wp-json\/wp\/v2\/media?parent=60389"}],"wp:term":[{"taxonomy":"category","embeddable":true,"href":"https:\/\/linitiative.ca\/International\/wp-json\/wp\/v2\/categories?post=60389"},{"taxonomy":"post_tag","embeddable":true,"href":"https:\/\/linitiative.ca\/International\/wp-json\/wp\/v2\/tags?post=60389"}],"curies":[{"name":"wp","href":"https:\/\/api.w.org\/{rel}","templated":true}]}}