{"id":60414,"date":"2019-09-07T05:32:32","date_gmt":"2019-09-07T09:32:32","guid":{"rendered":"https:\/\/linitiative.ca\/International\/halilhodzic-jai-beaucoup-apprecie-la-reaction-de-la-selection-nationale\/"},"modified":"2019-09-07T05:32:32","modified_gmt":"2019-09-07T09:32:32","slug":"halilhodzic-jai-beaucoup-apprecie-la-reaction-de-la-selection-nationale","status":"publish","type":"post","link":"https:\/\/linitiative.ca\/International\/halilhodzic-jai-beaucoup-apprecie-la-reaction-de-la-selection-nationale\/","title":{"rendered":"Halilhodzic : J\u2019ai beaucoup appr\u00e9ci\u00e9 la r\u00e9action de la s\u00e9lection nationale"},"content":{"rendered":"<div readability=\"37\">\n<p>Marrakech- Le s\u00e9lectionneur de l\u2019\u00e9quipe nationale, Vahid Halilhodzic a soulign\u00e9, vendredi soir \u00e0 Marrakech, avoir beaucoup appr\u00e9ci\u00e9 la r\u00e9action de la s\u00e9lection nationale apr\u00e8s le but encaiss\u00e9 contre le Burkina Faso.<\/p>\n<\/div>\n<div readability=\"98\">\n<p>\u00ab\u00a0Apr\u00e8s le but encaiss\u00e9 contre la s\u00e9lection burkinab\u00e9, l\u2019\u00e9quipe nationale n\u2019est pas tomb\u00e9e dans la morosit\u00e9 et n\u2019a pas baiss\u00e9 les bras\u00a0\u00bb, a-t-il dit lors d\u2019un point de presse \u00e0 l\u2019issue du match ayant oppos\u00e9 vendredi soir, au Grand stade de\u00a0Marrakech, la S\u00e9lection nationale de football \u00e0 son homologue du Burkina Faso, en match amical.<\/p>\n<p>M. Halilhodzic s\u2019est en outre, dit confiant que cette \u00e9quipe peut faire mieux et s\u2019am\u00e9liorera au fur et \u00e0 mesure des matches, relevant que le staff technique est en qu\u00eate de la meilleure \u00e9quipe nationale possible et des joueurs qui pourront appliquer son plan de jeu.<\/p>\n<p>Ce premier match nous a d\u00e9montr\u00e9 plusieurs points positifs d\u2019autant plus que la s\u00e9lection s\u2019est cr\u00e9\u00e9e beaucoup d\u2019occasions mais on a manqu\u00e9 d\u2019efficacit\u00e9 offensive, a-t-il ajout\u00e9, se disant satisfait du rendement de certains joueurs qui ont d\u00e9montr\u00e9 que le staff technique \u00ab\u00a0peut compter sur eux\u00a0\u00bb.<\/p>\n<p>\u00ab\u00a0Aujourd\u2019hui nous avons affront\u00e9 une grande \u00e9quipe du Burkina Faso avec un groupe homog\u00e8ne et des joueurs de qualit\u00e9, qui jouent ensemble depuis des ann\u00e9es\u00a0\u00bb, a-t-il fait remarquer.<\/p>\n<p>Le s\u00e9lectionneur national a appel\u00e9 \u00e0 soutenir Hakim Ziyach pour lui redonner confiance avec la s\u00e9lection, car, a-t-il dit, ce joueur reste l\u2019un des meilleurs gauchers \u00e9voluant dans les championnats europ\u00e9ens et une grande valeur ajout\u00e9e pour la s\u00e9lection.<\/p>\n<p>Dans une d\u00e9claration \u00e0 la presse, le joueur de la s\u00e9lection nationale, Adel Taarabt, a rassur\u00e9 quant \u00e0 l\u2019avenir de l\u2019\u00e9quipe, qui peut faire encore mieux et progresser.<\/p>\n<p>Dans une d\u00e9claration similaire, Fouad Chafiq a soulign\u00e9 que l\u2019\u00e9quipe ambitionnait de remporter ce premier match sous la houlette de Vahid Halilhodzic, exprimant sa certitude que la s\u00e9lection s\u2019am\u00e9liorera dans les prochains matches.<\/p>\n<p>\u00ab\u00a0Je suis fier de pouvoir revenir jouer avec la s\u00e9lection de mon pays\u00a0\u00bb, a-t-il ajout\u00e9, se disant pr\u00eat \u00e0 d\u00e9fendre les couleurs nationales chaque fois qu\u2019on fait appel \u00e0 lui.<\/p>\n<p>La S\u00e9lection nationale de football a fait match nul (1-1) vendredi au Grand stade de\u00a0Marrakech\u00a0face \u00e0 son homologue du Burkina Faso, en match amical.<\/p>\n<p>Les \u00c9talons ont \u00e9t\u00e9 les premiers \u00e0 ouvrir le score gr\u00e2ce \u00e0 un but de Cyrille Bayala (71\u00e8me), qui a profit\u00e9 d\u2019une maladresse du gardien marocain Munir Kajoui Mohamedi. Le but \u00e9galisateur des Lions a \u00e9t\u00e9 l\u2019oeuvre du d\u00e9fenseur Zouhair Feddal \u00e0 la 88\u00e8me minute.<\/p>\n<p>Toujours en amical, la s\u00e9lection nationale jouera, mardi sur le m\u00eame stade, contre l\u2019\u00e9quipe du Niger.<\/p>\n<\/div>\n<p>Auteur: Mohammed KOURSI<br \/>\n<a href=\"http:\/\/www.mapmarrakech.ma\/fr\/halilhodzic-jai-beaucoup-apprecie-la-reaction-de-la-selection-nationale\/\">Cliquez ici pour lire l&rsquo;article depuis sa source.<\/a><\/p>\n","protected":false},"excerpt":{"rendered":"<p>Marrakech- Le s\u00e9lectionneur de l\u2019\u00e9quipe nationale, Vahid Halilhodzic a soulign\u00e9, vendredi soir \u00e0 Marrakech, avoir beaucoup appr\u00e9ci\u00e9 la r\u00e9action de la s\u00e9lection nationale apr\u00e8s le but encaiss\u00e9 contre le Burkina Faso. \u00ab\u00a0Apr\u00e8s le but encaiss\u00e9 contre la s\u00e9lection burkinab\u00e9, l\u2019\u00e9quipe nationale n\u2019est pas tomb\u00e9e dans la morosit\u00e9 et n\u2019a pas baiss\u00e9 les bras\u00a0\u00bb, a-t-il dit [&hellip;]<\/p>\n","protected":false},"author":1788,"featured_media":0,"comment_status":"closed","ping_status":"closed","sticky":false,"template":"","format":"standard","meta":{"fifu_image_url":"","fifu_image_alt":"","footnotes":""},"categories":[54,76],"tags":[],"class_list":["post-60414","post","type-post","status-publish","format-standard","hentry","category-maroc","category-regions"],"_links":{"self":[{"href":"https:\/\/linitiative.ca\/International\/wp-json\/wp\/v2\/posts\/60414","targetHints":{"allow":["GET"]}}],"collection":[{"href":"https:\/\/linitiative.ca\/International\/wp-json\/wp\/v2\/posts"}],"about":[{"href":"https:\/\/linitiative.ca\/International\/wp-json\/wp\/v2\/types\/post"}],"author":[{"embeddable":true,"href":"https:\/\/linitiative.ca\/International\/wp-json\/wp\/v2\/users\/1788"}],"replies":[{"embeddable":true,"href":"https:\/\/linitiative.ca\/International\/wp-json\/wp\/v2\/comments?post=60414"}],"version-history":[{"count":0,"href":"https:\/\/linitiative.ca\/International\/wp-json\/wp\/v2\/posts\/60414\/revisions"}],"wp:attachment":[{"href":"https:\/\/linitiative.ca\/International\/wp-json\/wp\/v2\/media?parent=60414"}],"wp:term":[{"taxonomy":"category","embeddable":true,"href":"https:\/\/linitiative.ca\/International\/wp-json\/wp\/v2\/categories?post=60414"},{"taxonomy":"post_tag","embeddable":true,"href":"https:\/\/linitiative.ca\/International\/wp-json\/wp\/v2\/tags?post=60414"}],"curies":[{"name":"wp","href":"https:\/\/api.w.org\/{rel}","templated":true}]}}