{"id":60423,"date":"2019-09-06T15:49:30","date_gmt":"2019-09-06T19:49:30","guid":{"rendered":"https:\/\/linitiative.ca\/International\/aeroport-doujda-plus-de-381-000-passagers-a-fin-juillet\/"},"modified":"2019-09-06T15:49:30","modified_gmt":"2019-09-06T19:49:30","slug":"aeroport-doujda-plus-de-381-000-passagers-a-fin-juillet","status":"publish","type":"post","link":"https:\/\/linitiative.ca\/International\/aeroport-doujda-plus-de-381-000-passagers-a-fin-juillet\/","title":{"rendered":"A\u00e9roport d\u2019Oujda: Plus de 381.000 passagers \u00e0 fin juillet"},"content":{"rendered":"<p class=\"c1\">Le nombre de passagers ayant utilis\u00e9 l\u2019a\u00e9roport Oujda-Angad durant les sept premiers mois de cette ann\u00e9e s\u2019\u00e9l\u00e8ve \u00e0 plus de 381.000, selon des donn\u00e9es de l\u2019Office national des a\u00e9roports (ONDA).<\/p>\n<p class=\"c1\">Les passagers ayant transit\u00e9 via cet a\u00e9roport \u00e0 fin juillet 2019 sont au nombre de 381.751, contre 364.078 durant la m\u00eame p\u00e9riode une ann\u00e9e auparavant, soit une \u00e9volution de 4,85%, pr\u00e9cise-t-on.<\/p>\n<p class=\"c1\">Cette performance repr\u00e9sente 2,71% du volume du trafic a\u00e9rien au niveau des diff\u00e9rents a\u00e9roports du Royaume, et place ainsi cet a\u00e9roport \u00e0 la 8\u00e8me place \u00e0 l\u2019\u00e9chelon national et \u00e0 la deuxi\u00e8me place sur le plan r\u00e9gional derri\u00e8re l\u2019a\u00e9roport Nador-Al Aroui.<\/p>\n<p class=\"c1\">Pour ce qui est des r\u00e9sultats du seul mois de juillet dernier, la m\u00eame source fait remarquer que le nombre de passagers enregistr\u00e9 au niveau de l\u2019a\u00e9roport d\u2019Oujda s\u2019est chiffr\u00e9 \u00e0 93.375 voyageurs contre 85.797 passagers durant le m\u00eame mois de l\u2019ann\u00e9e \u00e9coul\u00e9e, soit une hausse de 8,83% et une part de 3,90%.<\/p>\n<p class=\"c1\">L\u2019a\u00e9roport Oujda-Angad est li\u00e9 \u00e0 plusieurs a\u00e9roports europ\u00e9ens, notamment de France (Paris, Marseille, Beauvais et Strasbourg), de la Belgique (Bruxelles, Charleroi), d\u2019Allemagne (D\u00fcsseldorf) et des Pays-Bas (Amsterdam).<\/p>\n<p class=\"c1\">Le nombre des passagers ayant transit\u00e9 via l\u2019a\u00e9roport Oujda-Angad en 2018 a atteint 675.917, contre 635.746 voyageurs en 2017, soit une progression de 6,32%.<\/p>\n<p>Auteur: Soufiane ELAHMAR<br \/>\n<a href=\"http:\/\/www.mapoujda.ma\/fr\/aeroport-doujda-plus-de-381-000-passagers-a-fin-juillet\/\">Cliquez ici pour lire l&rsquo;article depuis sa source.<\/a><\/p>\n","protected":false},"excerpt":{"rendered":"<p>Le nombre de passagers ayant utilis\u00e9 l\u2019a\u00e9roport Oujda-Angad durant les sept premiers mois de cette ann\u00e9e s\u2019\u00e9l\u00e8ve \u00e0 plus de 381.000, selon des donn\u00e9es de l\u2019Office national des a\u00e9roports (ONDA). Les passagers ayant transit\u00e9 via cet a\u00e9roport \u00e0 fin juillet 2019 sont au nombre de 381.751, contre 364.078 durant la m\u00eame p\u00e9riode une ann\u00e9e auparavant, [&hellip;]<\/p>\n","protected":false},"author":1788,"featured_media":0,"comment_status":"closed","ping_status":"closed","sticky":false,"template":"","format":"standard","meta":{"fifu_image_url":"","fifu_image_alt":"","footnotes":""},"categories":[54,76],"tags":[],"class_list":["post-60423","post","type-post","status-publish","format-standard","hentry","category-maroc","category-regions"],"_links":{"self":[{"href":"https:\/\/linitiative.ca\/International\/wp-json\/wp\/v2\/posts\/60423","targetHints":{"allow":["GET"]}}],"collection":[{"href":"https:\/\/linitiative.ca\/International\/wp-json\/wp\/v2\/posts"}],"about":[{"href":"https:\/\/linitiative.ca\/International\/wp-json\/wp\/v2\/types\/post"}],"author":[{"embeddable":true,"href":"https:\/\/linitiative.ca\/International\/wp-json\/wp\/v2\/users\/1788"}],"replies":[{"embeddable":true,"href":"https:\/\/linitiative.ca\/International\/wp-json\/wp\/v2\/comments?post=60423"}],"version-history":[{"count":0,"href":"https:\/\/linitiative.ca\/International\/wp-json\/wp\/v2\/posts\/60423\/revisions"}],"wp:attachment":[{"href":"https:\/\/linitiative.ca\/International\/wp-json\/wp\/v2\/media?parent=60423"}],"wp:term":[{"taxonomy":"category","embeddable":true,"href":"https:\/\/linitiative.ca\/International\/wp-json\/wp\/v2\/categories?post=60423"},{"taxonomy":"post_tag","embeddable":true,"href":"https:\/\/linitiative.ca\/International\/wp-json\/wp\/v2\/tags?post=60423"}],"curies":[{"name":"wp","href":"https:\/\/api.w.org\/{rel}","templated":true}]}}