{"id":60424,"date":"2019-09-07T12:57:18","date_gmt":"2019-09-07T16:57:18","guid":{"rendered":"https:\/\/linitiative.ca\/International\/immigration-illegale-et-traite-humaine-un-guineen-arrete\/"},"modified":"2019-09-07T12:57:18","modified_gmt":"2019-09-07T16:57:18","slug":"immigration-illegale-et-traite-humaine-un-guineen-arrete","status":"publish","type":"post","link":"https:\/\/linitiative.ca\/International\/immigration-illegale-et-traite-humaine-un-guineen-arrete\/","title":{"rendered":"Immigration ill\u00e9gale et traite humaine: Un Guin\u00e9en arr\u00eat\u00e9"},"content":{"rendered":"<div class=\"single-featured\"><img alt=\"\" data-src=\"http:\/\/www.mapoujda.ma\/map\/uploads\/2019\/03\/\u0627\u0644\u0645\u062f\u064a\u0631\u064a\u0629-\u0627\u0644\u0639\u0627\u0645\u0629-\u0644\u0644\u0623\u0645\u0646-\u0627\u0644\u0648\u0637\u0646\u064a.jpg\"\/><\/div>\n<div class=\"entry-content clearfix single-post-content\" readability=\"61\">\n<p class=\"c1\">Le service pr\u00e9fectoral de la police judiciaire d\u2019Oujda a arr\u00eat\u00e9, samedi aux premi\u00e8res heures, un citoyen guin\u00e9en en situation de s\u00e9jour ill\u00e9gal au Maroc pour son implication pr\u00e9sum\u00e9e dans une affaire de s\u00e9questration, d\u2019organisation de l\u2019immigration ill\u00e9gale et de traite humaine, a indiqu\u00e9 la Direction g\u00e9n\u00e9rale de la s\u00fbret\u00e9 nationale (DGSN) dans un communiqu\u00e9.<\/p>\n<p class=\"c1\">Les services de la police avait re\u00e7u un appel via le num\u00e9ro de secours gratuit (19) de la part d\u2019un citoyen soudanais affirmant que son fr\u00e8re \u00e9tait s\u00e9questr\u00e9 par une personne active dans un r\u00e9seau d\u2019immigration ill\u00e9gale, pr\u00e9cise la DGSN, ajoutant qu\u2019une enqu\u00eate approfondie men\u00e9e \u00e0 ce sujet a permis de localiser la victime suppos\u00e9e, en plus de six autres \u00e9trangers d\u2019origine subsaharien, tous s\u00e9questr\u00e9s dans une maison.<\/p>\n<p class=\"c1\">Les recherches et investigations ont d\u00e9voil\u00e9 que le suspect avait fait immigr\u00e9 clandestinement les personnes s\u00e9questr\u00e9es depuis la ville d\u2019Oran en Alg\u00e9rie, et qu\u2019il les d\u00e9tenait contre leur gr\u00e9 en vue de les obliger \u00e0 payer une somme de 500 euros par personne en contrepartie de l\u2019immigration clandestine, d\u00e9taille la m\u00eame source.<\/p>\n<p class=\"c1\">Elle fait savoir que le mis en cause a \u00e9t\u00e9 plac\u00e9 en garde \u00e0 vue \u00e0 la disposition de l\u2019enqu\u00eate men\u00e9e sous la supervision du parquet comp\u00e9tent pour d\u00e9terminer les tenants et les aboutissants de cette affaire, alors que la loi relative \u00e0 l\u2019entr\u00e9e et au s\u00e9jour des \u00e9trangers au Maroc a \u00e9t\u00e9 appliqu\u00e9e aux autres personnes victimes de s\u00e9questration.<\/p>\n<\/div>\n<p>Auteur: Soufiane ELAHMAR<br \/>\n<a href=\"http:\/\/www.mapoujda.ma\/fr\/soupconne-dimmigration-illegale-un-guineen-arrete-a-oujda\/\">Cliquez ici pour lire l&rsquo;article depuis sa source.<\/a><\/p>\n","protected":false},"excerpt":{"rendered":"<p>Le service pr\u00e9fectoral de la police judiciaire d\u2019Oujda a arr\u00eat\u00e9, samedi aux premi\u00e8res heures, un citoyen guin\u00e9en en situation de s\u00e9jour ill\u00e9gal au Maroc pour son implication pr\u00e9sum\u00e9e dans une affaire de s\u00e9questration, d\u2019organisation de l\u2019immigration ill\u00e9gale et de traite humaine, a indiqu\u00e9 la Direction g\u00e9n\u00e9rale de la s\u00fbret\u00e9 nationale (DGSN) dans un communiqu\u00e9. Les [&hellip;]<\/p>\n","protected":false},"author":1788,"featured_media":60425,"comment_status":"closed","ping_status":"closed","sticky":false,"template":"","format":"standard","meta":{"fifu_image_url":"","fifu_image_alt":"","footnotes":""},"categories":[54,76],"tags":[],"class_list":["post-60424","post","type-post","status-publish","format-standard","has-post-thumbnail","hentry","category-maroc","category-regions"],"_links":{"self":[{"href":"https:\/\/linitiative.ca\/International\/wp-json\/wp\/v2\/posts\/60424","targetHints":{"allow":["GET"]}}],"collection":[{"href":"https:\/\/linitiative.ca\/International\/wp-json\/wp\/v2\/posts"}],"about":[{"href":"https:\/\/linitiative.ca\/International\/wp-json\/wp\/v2\/types\/post"}],"author":[{"embeddable":true,"href":"https:\/\/linitiative.ca\/International\/wp-json\/wp\/v2\/users\/1788"}],"replies":[{"embeddable":true,"href":"https:\/\/linitiative.ca\/International\/wp-json\/wp\/v2\/comments?post=60424"}],"version-history":[{"count":0,"href":"https:\/\/linitiative.ca\/International\/wp-json\/wp\/v2\/posts\/60424\/revisions"}],"wp:featuredmedia":[{"embeddable":true,"href":"https:\/\/linitiative.ca\/International\/wp-json\/"}],"wp:attachment":[{"href":"https:\/\/linitiative.ca\/International\/wp-json\/wp\/v2\/media?parent=60424"}],"wp:term":[{"taxonomy":"category","embeddable":true,"href":"https:\/\/linitiative.ca\/International\/wp-json\/wp\/v2\/categories?post=60424"},{"taxonomy":"post_tag","embeddable":true,"href":"https:\/\/linitiative.ca\/International\/wp-json\/wp\/v2\/tags?post=60424"}],"curies":[{"name":"wp","href":"https:\/\/api.w.org\/{rel}","templated":true}]}}