{"id":60426,"date":"2019-09-07T15:14:05","date_gmt":"2019-09-07T19:14:05","guid":{"rendered":"https:\/\/linitiative.ca\/International\/ligue-1-2-crb-excepte-les-blesses-amrani-comble\/"},"modified":"2019-09-07T15:14:05","modified_gmt":"2019-09-07T19:14:05","slug":"ligue-1-2-crb-excepte-les-blesses-amrani-comble","status":"publish","type":"post","link":"https:\/\/linitiative.ca\/International\/ligue-1-2-crb-excepte-les-blesses-amrani-comble\/","title":{"rendered":"Ligue 1 &amp; 2 : CRB : Except\u00e9 les bless\u00e9s, Amrani combl\u00e9"},"content":{"rendered":"<div readability=\"32\">\n<p>Auteur : <span>Islam Tazibt<\/span> <span class=\"time\">samedi 07 septembre 2019 10:10<\/span><\/p>\n<\/div>\n<div id=\"post_core\" readability=\"61\">\n<p>M\u00eame s\u2019il n\u2019\u00e9tait pas tr\u00e8s satisfait du rendement de ses joueurs pendant les matchs de pr\u00e9paration ou encore lors des premiers matchs officiels cette saison, Abdelkader Amrani demeurait optimiste et surtout confiant quant \u00e0 la capacit\u00e9 de ses joueurs \u00e0 atteindre rapidement leur meilleur niveau. \u00abIl nous reste encore du chemin \u00e0 parcourir pour atteindre notre meilleure forme mais on est sur la bonne voie. On doit juste continuer \u00e0 travailler de la m\u00eame mani\u00e8re qu\u2019on le fait depuis le d\u00e9but\u00bb, nous confiait-il avant la premi\u00e8re rencontre de la Coupe de la CAF face \u00e0 l\u2019AS Coton du Tchad. Et si son \u00e9quipe est mont\u00e9e en puissance lors de ces premi\u00e8res semaines de comp\u00e9tition, elle a aussi perdu plusieurs joueurs pour blessures. En effet, Soumana, Gasmi, Boulekhoua, Khali, Ha\u00efs et Tabti ont tous \u00e9t\u00e9 faire un tour \u00e0 l\u2019infirmerie. D\u2019ailleurs, Ha\u00efs et Tabti en ont encore pour quelques semaines avant de reprendre les entra\u00eenements. De quoi inqui\u00e9ter Abdelkader Amrani \u00e0 l\u2019approche du d\u00e9placement au Caire.<br \/><strong>Pallier l\u2019absence de Tabti<\/strong><br \/>Pour composer l\u2019\u00e9quipe qui d\u00e9butera face au FC Pyramides, Abdelkader Amrani est confront\u00e9 \u00e0 un dilemme : quel joueur choisir pour pallier l\u2019absence de Larbi Tabti qui souffre d\u2019un claquage et qui sera probablement absent samedi prochain lors du match aller du deuxi\u00e8me tour pr\u00e9liminaire de la Coupe de la CAF ? Qu\u2019on le veuille ou non, en l\u2019espace de quelques rencontres seulement, l\u2019ancien de l\u2019USM Bel-Abb\u00e8s a pris une place importante au sein de la formation d\u2019Amrani. Notamment dans la conservation de la balle, l\u2019orientation du jeu ou encore la construction des attaques. Tabti est souvent \u00e0 l\u2019amorce des offensives belouizdadies. Ce qui permet \u00e0 Sayoud de tra\u00eener plus pr\u00e8s de la surface de r\u00e9paration et de faire plus mal. D\u2019ailleurs, ce n\u2019est pas un hasard si Sayoud est actuellement le meilleur buteur de l\u2019\u00e9quipe. En tout cas, Amrani dispose de deux alternatives : celle de remettre Selmi dans le c\u0153ur du jeu tout en faisant confiance au revenant Boulekhoua, ou alors titulariser Samir Aiboud, ce qui serait sa premi\u00e8re cette saison.<br \/><strong>Apr\u00e8s Sayoud, le d\u00e9luge ?<\/strong><br \/>Outre la Coupe de la CAF, Amrani et ses adjoints, avec qui il ne serait plus en odeur de saintet\u00e9, auront un autre d\u00e9fi de taille : celui de trouver un bon rempla\u00e7ant \u00e0 Amir Sayoud qui sera suspendu lors des deux prochaines journ\u00e9es contre l\u2019US Biskra et la JS Kabylie. Deux rencontres que pourraient aussi manquer Larbi Tabti dont la date du retour \u00e0 la comp\u00e9tition n\u2019a toujours pas \u00e9t\u00e9 communiqu\u00e9e par les membres du staff m\u00e9dical. Une situation d\u2019autant plus inqui\u00e9tante que mis \u00e0 part Tabti, personne ne semble en mesure d\u2019endosser le r\u00f4le de leader technique de l\u2019\u00e9quipe. Personne n\u2019offre -pour le moment- de vraies garanties techniques dans le jeu \u00e0 part Amir Sayoud et Larbi Tabti. Et quand les deux sont absents, les choses se compliquent in\u00e9vitablement. C\u2019est pourquoi, Amrani insiste aupr\u00e8s des membres du staff technique pour pr\u00e9parer au plus vite Larbi Tabti.<br \/>\u00a0<\/p>\n<p><strong>Publi\u00e9 dans :<\/strong> <span>CRB<\/span> <span>Amrani<\/span> <span>Larbi Tabti<\/span><\/p>\n<\/div>\n<p>Auteur:<br \/>\n<a href=\"http:\/\/www.lebuteur.com\/article\/detail?titre=crb-excepte-les-blesses-amrani-comble&#038;id=91541&#038;utm_source=feedburner&#038;utm_medium=feed&#038;utm_campaign=Feed%3A+GalerieFArtciles+%28Les+derniers+articles++-+lebuteur.com%29\">Cliquez ici pour lire l&rsquo;article depuis sa source.<\/a><\/p>\n","protected":false},"excerpt":{"rendered":"<p>Auteur : Islam Tazibt samedi 07 septembre 2019 10:10 M\u00eame s\u2019il n\u2019\u00e9tait pas tr\u00e8s satisfait du rendement de ses joueurs pendant les matchs de pr\u00e9paration ou encore lors des premiers matchs officiels cette saison, Abdelkader Amrani demeurait optimiste et surtout confiant quant \u00e0 la capacit\u00e9 de ses joueurs \u00e0 atteindre rapidement leur meilleur niveau. \u00abIl [&hellip;]<\/p>\n","protected":false},"author":1738,"featured_media":60427,"comment_status":"closed","ping_status":"closed","sticky":false,"template":"","format":"standard","meta":{"fifu_image_url":"","fifu_image_alt":"","footnotes":""},"categories":[53,75],"tags":[],"class_list":["post-60426","post","type-post","status-publish","format-standard","has-post-thumbnail","hentry","category-algerie","category-sport"],"_links":{"self":[{"href":"https:\/\/linitiative.ca\/International\/wp-json\/wp\/v2\/posts\/60426","targetHints":{"allow":["GET"]}}],"collection":[{"href":"https:\/\/linitiative.ca\/International\/wp-json\/wp\/v2\/posts"}],"about":[{"href":"https:\/\/linitiative.ca\/International\/wp-json\/wp\/v2\/types\/post"}],"author":[{"embeddable":true,"href":"https:\/\/linitiative.ca\/International\/wp-json\/wp\/v2\/users\/1738"}],"replies":[{"embeddable":true,"href":"https:\/\/linitiative.ca\/International\/wp-json\/wp\/v2\/comments?post=60426"}],"version-history":[{"count":0,"href":"https:\/\/linitiative.ca\/International\/wp-json\/wp\/v2\/posts\/60426\/revisions"}],"wp:featuredmedia":[{"embeddable":true,"href":"https:\/\/linitiative.ca\/International\/wp-json\/"}],"wp:attachment":[{"href":"https:\/\/linitiative.ca\/International\/wp-json\/wp\/v2\/media?parent=60426"}],"wp:term":[{"taxonomy":"category","embeddable":true,"href":"https:\/\/linitiative.ca\/International\/wp-json\/wp\/v2\/categories?post=60426"},{"taxonomy":"post_tag","embeddable":true,"href":"https:\/\/linitiative.ca\/International\/wp-json\/wp\/v2\/tags?post=60426"}],"curies":[{"name":"wp","href":"https:\/\/api.w.org\/{rel}","templated":true}]}}