{"id":60428,"date":"2019-09-07T15:14:06","date_gmt":"2019-09-07T19:14:06","guid":{"rendered":"https:\/\/linitiative.ca\/International\/ligue-1-2-mca-merouani-ce-sera-difficile-mais-je-reviendrai-en-force\/"},"modified":"2019-09-07T15:14:06","modified_gmt":"2019-09-07T19:14:06","slug":"ligue-1-2-mca-merouani-ce-sera-difficile-mais-je-reviendrai-en-force","status":"publish","type":"post","link":"https:\/\/linitiative.ca\/International\/ligue-1-2-mca-merouani-ce-sera-difficile-mais-je-reviendrai-en-force\/","title":{"rendered":"Ligue 1 &amp; 2 : MCA &#8211; Merouani : \u00abCe sera difficile, mais je reviendrai en force\u00bb"},"content":{"rendered":"<div readability=\"32\">\n<p>Auteur : <span>par Kamel M.<\/span> <span class=\"time\">samedi 07 septembre 2019 10:10<\/span><\/p>\n<\/div>\n<div id=\"post_core\" readability=\"73\">\n<p><strong>Vous vous \u00eates remis \u00e0 courir, peut-on dire que votre blessure n\u2019est qu\u2019un mauvais souvenir ?<\/strong><br \/>Je me suis bien r\u00e9tabli de la blessure que j\u2019avais contract\u00e9e lors du dernier match de championnat, car apr\u00e8s avoir \u00e9t\u00e9 mis au repos, j\u2019avais entam\u00e9 par la suite la p\u00e9riode de convalescence et au fil du temps, je progressais dans mon travail. Maintenant, je me suis remis \u00e0 courir comme vous dites, conform\u00e9ment au programme de travail qui m\u2019a \u00e9t\u00e9 \u00e9tabli. Si tout marche convenablement, je ne tarderai pas \u00e0 entamer la pr\u00e9paration physique.<br \/><strong>Une pr\u00e9paration que vous allez suivre avec Thomas Gornouec\u2026<\/strong><br \/>Actuellement, je travaille en salle, tout en effectuant des tours de piste. Une fois que je serai pr\u00eat \u00e0 passer \u00e0 une autre \u00e9tape de la pr\u00e9paration, je vais effectuer le travail que j\u2019avais rat\u00e9 lors des deux stages de pr\u00e9paration que l\u2019\u00e9quipe a effectu\u00e9s, que ce soit en Pologne ou en Tunisie.<br \/><strong>Comment avez-vous v\u00e9cu cette situation ?<\/strong><br \/>C\u2019est tr\u00e8s difficile pour un joueur de rater la pr\u00e9paration d\u2019intersaison qui est tr\u00e8s importante, d\u2019autant plus que le grand travail s\u2019y accomplit. J\u2019\u00e9tais affect\u00e9 sur le plan moral, mais gr\u00e2ce au soutien de mon entourage, le staff technique et mes co\u00e9quipiers j\u2019ai tout de m\u00eame gard\u00e9 le sourire et je pense qu\u2019il ne me reste pas beaucoup de temps pour entamer la pr\u00e9paration physique g\u00e9n\u00e9rale.<br \/><strong>Il vous sera tout de m\u00eame difficile de rattraper le retard que vous accusez d\u2019autant plus que vous allez \u00eatre soumis \u00e0 une rude concurrence\u2026<\/strong><br \/>Je sais ce qui m\u2019attend \u00e0 l\u2019avenir et je dois vraiment travailler tr\u00e8s dur pour que je puisse rattraper le retard que j\u2019accuse, sans pour autant parler du manque de comp\u00e9tition qui me sera p\u00e9nalisant. \u00c7a sera donc un peu difficile, mais je connais bien mes qualit\u00e9s et je finirai par revenir en force. Pour revenir \u00e0 votre question, les joueurs qui \u00e9voluent dans le m\u00eame poste que moi ne sont plus \u00e0 pr\u00e9senter, mais je pense que le fait de se fixer un challenge constitue une motivation suppl\u00e9mentaire.<\/p>\n<p><strong>Avez-vous suivi le parcours de votre \u00e9quipe jusqu\u2019a pr\u00e9sent, et qui reste sur une victoire en d\u00e9placement ?<\/strong><br \/>A l\u2019exception du dernier match que l\u2019\u00e9quipe a jou\u00e9 \u00e0 B\u00e9char et que j\u2019ai suivi sur le petit \u00e9cran, je me suis d\u00e9plac\u00e9 au stade, que ce soit face \u00e0 l\u2019ASAM ou le PAC. Je pense que nous avons r\u00e9alis\u00e9 de bons r\u00e9sultats jusqu&rsquo;\u00e0 pr\u00e9sent et j\u2019\u00e9tais tr\u00e8s content que mon \u00e9quipe enregistre un bon d\u00e9part qui va mettre tout le groupe en confiance. Nous avons un groupe exp\u00e9riment\u00e9 compos\u00e9 de joueurs qui ne sont plus \u00e0 pr\u00e9senter et je suis persuad\u00e9 que le meilleur est \u00e0 venir.<br \/><strong>Etes-vous optimiste quant \u00e0 votre \u00e9quipe puisse gagner un titre cette saison ?<\/strong><br \/>A mon avis, nous n\u2019avons rien \u00e0 envier aux autres formations pour gagner un titre cette saison, car il y a un bon groupe et c\u2019est tout le monde qui est anim\u00e9 par une grande volont\u00e9 de r\u00e9ussir une bonne saison et \u00eatre \u00e0 la hauteur, car on sait pertinemment que les supporters attendent beaucoup de leur \u00e9quipe, cette saison.<br \/><strong>Les supporters attendent votre retour, apr\u00e8s que vous avez r\u00e9ussi de bonnes prestations la saison pass\u00e9e, malgr\u00e9 le fait que vous n\u2019ayez rejoint l\u2019\u00e9quipe qu\u2019au mercato\u2026<\/strong><br \/>Avant tout, je remercie les supporters qui ne m\u2019ont pas oubli\u00e9 et en ce qui me concerne je suis impatient de retrouver cette ambiance, m\u00eame si le chemin est encore long pour moi. Une fois de retour, je ferai de mon mieux pour gagner ma place dans l\u2019\u00e9quipe, mais aussi pour apporter ce qu\u2019on attend de moi.<\/p>\n<p><strong>Publi\u00e9 dans :<\/strong> <span>mca<\/span> <span>Merouani<\/span><\/p>\n<\/div>\n<p>Auteur:<br \/>\n<a href=\"http:\/\/www.lebuteur.com\/article\/detail?titre=mca-merouani-ce-sera-difficile-mais-je-reviendrai-en-force&#038;id=91540&#038;utm_source=feedburner&#038;utm_medium=feed&#038;utm_campaign=Feed%3A+GalerieFArtciles+%28Les+derniers+articles++-+lebuteur.com%29\">Cliquez ici pour lire l&rsquo;article depuis sa source.<\/a><\/p>\n","protected":false},"excerpt":{"rendered":"<p>Auteur : par Kamel M. samedi 07 septembre 2019 10:10 Vous vous \u00eates remis \u00e0 courir, peut-on dire que votre blessure n\u2019est qu\u2019un mauvais souvenir ?Je me suis bien r\u00e9tabli de la blessure que j\u2019avais contract\u00e9e lors du dernier match de championnat, car apr\u00e8s avoir \u00e9t\u00e9 mis au repos, j\u2019avais entam\u00e9 par la suite la [&hellip;]<\/p>\n","protected":false},"author":1738,"featured_media":60429,"comment_status":"closed","ping_status":"closed","sticky":false,"template":"","format":"standard","meta":{"fifu_image_url":"","fifu_image_alt":"","footnotes":""},"categories":[53,75],"tags":[],"class_list":["post-60428","post","type-post","status-publish","format-standard","has-post-thumbnail","hentry","category-algerie","category-sport"],"_links":{"self":[{"href":"https:\/\/linitiative.ca\/International\/wp-json\/wp\/v2\/posts\/60428","targetHints":{"allow":["GET"]}}],"collection":[{"href":"https:\/\/linitiative.ca\/International\/wp-json\/wp\/v2\/posts"}],"about":[{"href":"https:\/\/linitiative.ca\/International\/wp-json\/wp\/v2\/types\/post"}],"author":[{"embeddable":true,"href":"https:\/\/linitiative.ca\/International\/wp-json\/wp\/v2\/users\/1738"}],"replies":[{"embeddable":true,"href":"https:\/\/linitiative.ca\/International\/wp-json\/wp\/v2\/comments?post=60428"}],"version-history":[{"count":0,"href":"https:\/\/linitiative.ca\/International\/wp-json\/wp\/v2\/posts\/60428\/revisions"}],"wp:featuredmedia":[{"embeddable":true,"href":"https:\/\/linitiative.ca\/International\/wp-json\/"}],"wp:attachment":[{"href":"https:\/\/linitiative.ca\/International\/wp-json\/wp\/v2\/media?parent=60428"}],"wp:term":[{"taxonomy":"category","embeddable":true,"href":"https:\/\/linitiative.ca\/International\/wp-json\/wp\/v2\/categories?post=60428"},{"taxonomy":"post_tag","embeddable":true,"href":"https:\/\/linitiative.ca\/International\/wp-json\/wp\/v2\/tags?post=60428"}],"curies":[{"name":"wp","href":"https:\/\/api.w.org\/{rel}","templated":true}]}}