{"id":60432,"date":"2019-09-07T15:14:08","date_gmt":"2019-09-07T19:14:08","guid":{"rendered":"https:\/\/linitiative.ca\/International\/international-halliche-recoit-les-eloges-de-ses-anciens-coequipiers\/"},"modified":"2019-09-07T15:14:08","modified_gmt":"2019-09-07T19:14:08","slug":"international-halliche-recoit-les-eloges-de-ses-anciens-coequipiers","status":"publish","type":"post","link":"https:\/\/linitiative.ca\/International\/international-halliche-recoit-les-eloges-de-ses-anciens-coequipiers\/","title":{"rendered":"International : Halliche re\u00e7oit les \u00e9loges de ses anciens co\u00e9quipiers"},"content":{"rendered":"<p>\u00a0Apr\u00e8s une longue carri\u00e8re internationale r\u00e9ussie et accomplie avec des succ\u00e8s m\u00e9morables, le d\u00e9fenseur central de l\u2019Equipe nationale Rafik Halliche tirera sa r\u00e9v\u00e9rence. Halliche, qui nous avait annonc\u00e9 cette d\u00e9cision apr\u00e8s la finale de la CAN 2019 gagn\u00e9e en Egypte, l\u2019a r\u00e9it\u00e9r\u00e9e lors de la zone mixte tenue avant-hier au CTN de Sidi Moussa. Ainsi, ses camarades actuels auront l\u2019occasion de l\u2019honorer au terme de la rencontre amicale de pr\u00e9paration programm\u00e9e le lundi 9 septembre au stade du 5-Juillet contre la s\u00e9lection du B\u00e9nin.<\/p>\n<p><strong>11 ans de bons et loyaux services rendus \u00e0 l\u2019EN<\/strong><\/p>\n<p>\u00abHalliche c\u0153ur de lion\u00bb, c\u2019est le titre inlassablement r\u00e9p\u00e9t\u00e9 par l\u2019ensemble de la presse \u00e0 pratiquement chaque apparition de l\u2019ex-d\u00e9fenseur du NAHD Rafik Halliche. Auteur de deux Coupes du monde avec l\u2019Alg\u00e9rie comme titulaire en 2010 sous l\u2019\u00e8re Rabah Saadane et en 2014 avec Vahid Halilhodzic, Rafik compte aussi plusieurs CAN \u00e0 son actif, avec notamment une cons\u00e9cration sign\u00e9e r\u00e9cemment en Egypte et ce titre de champion d\u2019Afrique qui lui offre l\u2019opportunit\u00e9 de sortir par la grande porte, apr\u00e8s 11ans de bons et loyaux services rendus \u00e0 l\u2019Alg\u00e9rie. L\u2019ex joueur du Nacional de Mad\u00e8re, Fulham et Coimbra a toujours mouill\u00e9 le maillot avec souvent du sang laiss\u00e9 sur les nombreux terrains qu\u2019il a foul\u00e9s en Afrique, \u00e0 d\u00e9fendre les couleurs nationales. Chapeau bas guerrier, le peuple alg\u00e9rien ne t\u2019oubliera pas de sit\u00f4t.<\/p>\n<p><strong>\u00a0 \u00a0 \u00a0 \u00a0 \u00a0 \u00a0 \u00a0 \u00a0 \u00a0 \u00a0 \u00a0 \u00a0 \u00a0 \u00a0 \u00a0 \u00a0 \u00a0 \u00a0 \u00a0 \u00a0 \u00a0 \u00a0 \u00a0 \u00a0 \u00a0 \u00a0 \u00a0 \u00a0 \u00a0 \u00a0 \u00a0 \u00a0 \u00a0 \u00a0 \u00a0 \u00a0 \u00a0 \u00a0 \u00a0 \u00a0 \u00a0 \u00a0 \u00a0 \u00a0 \u00a0 \u00a0 \u00a0 \u00a0 \u00a0 \u00a0 \u00a0 Moumen A.<\/strong><\/p>\n<p><strong>Bougherra \u00abRafik ? Radjel ou Ness, c\u2019\u00e9tait un honneur de jouer \u00e0 ses c\u00f4t\u00e9s\u00bb<\/strong><\/p>\n<p>Tr\u00e8s proche de Rafik Halliche, Madjid Bougherra, qui compte plusieurs matchs avec son ex-\u00e9quipier en s\u00e9lection, \u00e9voque avec beaucoup d\u2019\u00e9motion la carri\u00e8re de Halliche et commente dans cet entretien sa d\u00e9cision de raccrocher<\/p>\n<p><strong>Tout d\u2019abord Madjid, un mot sur cette carri\u00e8re de Rafik Halliche qui se termine lundi contre le B\u00e9nin ?<\/strong><\/p>\n<p>Rafik termine une carri\u00e8re exceptionnelle sur le plan international. Il a jou\u00e9 plusieurs matchs de Coupes du monde. Il a \u00e9t\u00e9 demi-finaliste de la CAN en 2010 et a gagn\u00e9 une CAN en 2019 donc j\u2019ai eu le bonheur de partager avec lui une carri\u00e8re tr\u00e8s riche sur le plan international. Apr\u00e8s comme joueur en club, Halliche a toujours bien honor\u00e9 l\u2019Alg\u00e9rie. Il a jou\u00e9 en Angleterre, au Portugal dans des clubs respect\u00e9s, donc pour c\u2019est une superbe carri\u00e8re.<\/p>\n<p><strong>Pensez-vous qu\u2019il aurait pu rester encore, sa d\u00e9cision de partir apr\u00e8s la CAN gagn\u00e9e est-elle une bonne d\u00e9cision ?<\/strong><\/p>\n<p>\u00a0Je crois que c\u2019est \u00e0 lui de r\u00e9pondre. Maintenant qu\u2019il aille au bout ou qu\u2019il d\u00e9cide d\u2019arr\u00eater, Halliche restera Halliche, un grand joueur du football alg\u00e9rien. Il a beaucoup donn\u00e9, je trouve par contre tr\u00e8s sage et intelligent sa d\u00e9cision de sortir par la grande porte surtout qu\u2019il aura l\u2019occasion d\u2019\u00eatre honor\u00e9 au stade du 5-Juillet. C\u2019est magnifique !<\/p>\n<p><strong>Pourriez-vous nous parler de ses d\u00e9buts puisque vous l\u2019avez vu venir aussi ?<\/strong><\/p>\n<p>\u00a0Il \u00e9tait arriv\u00e9 tr\u00e8s jeune parmi nous, je crois qu\u2019il venait des Espoirs. Il s\u2019est vitre int\u00e9gr\u00e9 dans le groupe. Il me faisait penser un peu \u00e0 mes d\u00e9buts en s\u00e9lection lorsque j\u2019\u00e9tais arriv\u00e9 des Espoirs, tr\u00e8s jeune. Ce qui m\u2019a frapp\u00e9 est que d\u00e8s son int\u00e9gration avec le groupe des seniors, on a vite senti un joueur mature sans pression. Le premier contact avec lui sur le terrain \u00e9tait tr\u00e8s facile, tant j\u2019avais l\u2019impression que je le connaissais depuis tr\u00e8s longtemps.<\/p>\n<p><strong>\u00a0Que gardez-vous de lui en tant qu\u2019\u00e9quipier en s\u00e9lection ?<\/strong><\/p>\n<p>C\u2019est un joueur intelligent qui s\u2019est vite adapt\u00e9 et impos\u00e9 en Equipe nationale. On a jou\u00e9 \u00e0 3 dans l\u2019axe avec Antar et moi qui \u00e9tions sur l\u2019homme et lui toujours derri\u00e8re. Il avait une tr\u00e8s belle lecture de jeu qui permettait de former un trio tr\u00e8s fort. C\u2019\u00e9tait agr\u00e9able de jouer \u00e0 c\u00f4t\u00e9 de lui, c\u2019\u00e9tait un homme humble, courageux. Franchement, c\u2019\u00e9tait aussi un honneur pour moi, car c\u2019est un Radjel ou ness, comme on dit chez nous (rires). (Ndlr, un homme et demi), toujours droit. Je lui dis profite de tes derniers moments dans le foot en tant que joueur et bonne retraite.<\/p>\n<p><strong>Entretien r\u00e9alis\u00e9 par Moumen Ait Kaci Ali<\/strong><\/p>\n<p><strong>Gaouaoui\u00a0\u00abEN PLUS D\u2019\u00caTRE UN BON CO\u00c9QUIPIER, HALLICHE EST UN HOMME, UN VRAI\u00bb<\/strong><\/p>\n<p>Qui mieux pour nous parler des d\u00e9buts de Rafik Halliche en s\u00e9lection que son camarade et gardien de but en Equipe nationale Loun\u00e8s Gaouaoui. \u00a0L\u2019ex-portier international de la JS Kabylie rend un vibrant hommage \u00e0 son ancien \u00e9quipier et lui souhaite une bonne fin de carri\u00e8re en club. Gaouaoui, qui estime que l\u2019ancien capitaine de l\u2019EN \u00e9tait bien \u00e0 m\u00eame de rajouter une ann\u00e9e ou deux, compte tenu de son s\u00e9rieux et son hygi\u00e8ne de vie irr\u00e9prochable, avoue qu\u2019il respectait sa d\u00e9cision.<\/p>\n<p><strong>Rafik Halliche vient d\u2019annoncer sa retraite internationale, pourriez-vous revenir sur la carri\u00e8re de ce d\u00e9fenseur central que vous-avez connu tr\u00e8s jeune ?<\/strong><\/p>\n<p>\u00a0Oui, je me rappelle encore de ses d\u00e9buts en s\u00e9lection. Quand il est arriv\u00e9, on voyait d\u00e9j\u00e0 en lui un futur patron de la d\u00e9fense de l\u2019Equipe nationale. C\u2019est un joueur qui a beaucoup donn\u00e9 pour l\u2019EN. C\u2019est plus qu\u2019un co\u00e9quipier, c\u2019est un homme au sens large du mot. Apr\u00e8s, Rafik a fait une grande carri\u00e8re, que ce soit en club ou en s\u00e9lection, il restera comme l\u2019une des l\u00e9gendes du football national.<\/p>\n<p><strong>Quelle image gardez-vous de ce joueur ?<\/strong><\/p>\n<p>En plus d\u2019\u00eatre un solide d\u00e9fenseur, Rafik \u00e9tait un courageux joueur. Vraiment, un comportement d\u2019homme sur et en dehors du terrain. Il a marqu\u00e9 l\u2019histoire de la s\u00e9lection alg\u00e9rienne sur le plan international.<\/p>\n<p><strong>Avec deux Coupes du monde disput\u00e9es et une Coupe d\u2019Afrique remport\u00e9e r\u00e9cemment, pensez-vous que c\u2019est le moment pour lui de partir ?<\/strong><\/p>\n<p>C\u2019est clair que pour un d\u00e9fenseur de m\u00e9tier comme lui, \u00e0 33 ans, j\u2019aurais aim\u00e9 le voir encore pour une ann\u00e9e en s\u00e9lection mais il faut respecter son choix car on ne sait pas dans quel \u00e9tat physique il est en ce moment. Les raisons de cette d\u00e9cision lui reviennent et on n\u2019a qu\u2019\u00e0 l\u2019applaudir et le souhaiter plus de succ\u00e8s inch\u2019Allah \u00e0 l\u2019avenir. Il y a des jeunes qui arrivent et Halliche, comme je viens de le dire, est tr\u00e8s intelligent et honn\u00eate pour prendre la d\u00e9cision qu\u2019il juge utile pour lui et la s\u00e9lection. J\u2019\u00e9tais vraiment tr\u00e8s honor\u00e9 d\u2019avoir jou\u00e9 avec lui, notamment le fameux match d\u2019Oum Dourman.<\/p>\n<p><strong>Une anecdote peut-\u00eatre que vous avez v\u00e9cue avec lui ?<\/strong><\/p>\n<p>Une anecdote je vais vous raconter comment Rafik est devenu titulaire. Au fait lors du premier match contre le Rwanda qualificatif \u00e0 la CAN et la CM 2010, le coach avait pr\u00e9vu que Zaoui commence le match. La veille, dans la piscine de l\u2019h\u00f4tel, on \u00e9tait trois, Zaoui, Halliche et Bezzaz. Ce dernier a jet\u00e9 un chat sur Zaoui qui s\u2019est lev\u00e9 pour l\u2019\u00e9viter ensuite il a \u00e9t\u00e9 touch\u00e9 par un morceau de verre qui lui a caus\u00e9 une blessure. C\u2019est l\u00e0 que la carri\u00e8re de Rafik a commenc\u00e9 puisque Sa\u00e2dane avait d\u00e9cid\u00e9 de le titulariser \u00e0 la place de Samir bless\u00e9.<\/p>\n<p><strong>\u00a0 \u00a0 \u00a0 \u00a0 \u00a0 \u00a0 \u00a0 \u00a0 \u00a0 \u00a0 \u00a0 \u00a0 \u00a0 \u00a0 \u00a0 \u00a0 \u00a0 \u00a0 \u00a0 \u00a0Entretien r\u00e9alis\u00e9 par Moumen Ait Kaci Ali \u00a0<\/strong><\/p>\n<p><strong>YAHIA \u00abTU ES ARRIV\u00c9 EN S\u00c9LECTION COMME UN PETIT FR\u00c8RE, PUIS TU T\u2019ES IMPOS\u00c9 EN PATRON\u00bb<\/strong><\/p>\n<p>L\u2019un de ses complices en d\u00e9fense centrale depuis quelques ann\u00e9es qu\u2019il avait aussi trouv\u00e9 sur le place en Equipe nationale, \u00e0 savoir Antar Yahia, a tenu \u00e0 son tour \u00e0 saluer la carri\u00e8re de Rafik Halliche qui a donc d\u00e9cid\u00e9 de raccrocher les crampons, apr\u00e8s plus de 11 ans de bons et loyaux services rendus \u00e0 la s\u00e9lection. \u00abTu es arriv\u00e9 en s\u00e9lection comme un petit fr\u00e8re puis tu t\u2019es impos\u00e9 en patron pour faire une magnifique carri\u00e8re internationale, bonne retraite MR HALLICHE\u00bb, a notamment mentionn\u00e9 sur son compte Twiter le buteur historique du match d\u2019appui remport\u00e9 par la s\u00e9lection nationale en novembre 2009 qualificatif \u00e0 la Coupe du monde 2010, \u00e0 Oum Dourman, contre l\u2019Egypte.\u00a0<\/p>\n<p><strong>\u00a0 \u00a0 \u00a0 \u00a0 \u00a0 \u00a0 \u00a0 \u00a0 \u00a0 \u00a0 \u00a0Moumen A.<\/strong><\/p>\n<p><strong>Publi\u00e9 dans :<\/strong> <span>halliche<\/span> <span>Belmadi<\/span> <span>Hassan Yebda et Antar Yahia<\/span> <span>Loun\u00e8s Gaouaoui<\/span><\/p>\n<p>Auteur:<br \/>\n<a href=\"http:\/\/www.lebuteur.com\/article\/detail?titre=halliche-recoit-les-eloges-de-ses-anciens-coequipiers&#038;id=91552&#038;utm_source=feedburner&#038;utm_medium=feed&#038;utm_campaign=Feed%3A+GalerieFArtciles+%28Les+derniers+articles++-+lebuteur.com%29\">Cliquez ici pour lire l&rsquo;article depuis sa source.<\/a><\/p>\n","protected":false},"excerpt":{"rendered":"<p>\u00a0Apr\u00e8s une longue carri\u00e8re internationale r\u00e9ussie et accomplie avec des succ\u00e8s m\u00e9morables, le d\u00e9fenseur central de l\u2019Equipe nationale Rafik Halliche tirera sa r\u00e9v\u00e9rence. Halliche, qui nous avait annonc\u00e9 cette d\u00e9cision apr\u00e8s la finale de la CAN 2019 gagn\u00e9e en Egypte, l\u2019a r\u00e9it\u00e9r\u00e9e lors de la zone mixte tenue avant-hier au CTN de Sidi Moussa. Ainsi, [&hellip;]<\/p>\n","protected":false},"author":1738,"featured_media":60433,"comment_status":"closed","ping_status":"closed","sticky":false,"template":"","format":"standard","meta":{"fifu_image_url":"","fifu_image_alt":"","footnotes":""},"categories":[53,75],"tags":[],"class_list":["post-60432","post","type-post","status-publish","format-standard","has-post-thumbnail","hentry","category-algerie","category-sport"],"_links":{"self":[{"href":"https:\/\/linitiative.ca\/International\/wp-json\/wp\/v2\/posts\/60432","targetHints":{"allow":["GET"]}}],"collection":[{"href":"https:\/\/linitiative.ca\/International\/wp-json\/wp\/v2\/posts"}],"about":[{"href":"https:\/\/linitiative.ca\/International\/wp-json\/wp\/v2\/types\/post"}],"author":[{"embeddable":true,"href":"https:\/\/linitiative.ca\/International\/wp-json\/wp\/v2\/users\/1738"}],"replies":[{"embeddable":true,"href":"https:\/\/linitiative.ca\/International\/wp-json\/wp\/v2\/comments?post=60432"}],"version-history":[{"count":0,"href":"https:\/\/linitiative.ca\/International\/wp-json\/wp\/v2\/posts\/60432\/revisions"}],"wp:featuredmedia":[{"embeddable":true,"href":"https:\/\/linitiative.ca\/International\/wp-json\/"}],"wp:attachment":[{"href":"https:\/\/linitiative.ca\/International\/wp-json\/wp\/v2\/media?parent=60432"}],"wp:term":[{"taxonomy":"category","embeddable":true,"href":"https:\/\/linitiative.ca\/International\/wp-json\/wp\/v2\/categories?post=60432"},{"taxonomy":"post_tag","embeddable":true,"href":"https:\/\/linitiative.ca\/International\/wp-json\/wp\/v2\/tags?post=60432"}],"curies":[{"name":"wp","href":"https:\/\/api.w.org\/{rel}","templated":true}]}}