{"id":60434,"date":"2019-09-07T15:14:09","date_gmt":"2019-09-07T19:14:09","guid":{"rendered":"https:\/\/linitiative.ca\/International\/international-real-les-choix-de-zidane-remis-sur-le-tapis\/"},"modified":"2019-09-07T15:14:09","modified_gmt":"2019-09-07T19:14:09","slug":"international-real-les-choix-de-zidane-remis-sur-le-tapis","status":"publish","type":"post","link":"https:\/\/linitiative.ca\/International\/international-real-les-choix-de-zidane-remis-sur-le-tapis\/","title":{"rendered":"International : Real : Les choix de Zidane remis sur le tapis"},"content":{"rendered":"<div readability=\"32\">\n<p>Auteur : <span class=\"time\">samedi 07 septembre 2019 19:25<\/span><\/p>\n<\/div>\n<div id=\"post_core\" readability=\"49\">\n<p>C\u2019est en tout cas ce que r\u00e9v\u00e8le ABC. Lors de la victoire de la s\u00e9lection espagnole face \u00e0 la Roumanie jeudi (2-1), les observateurs n\u2019auraient pu s\u2019emp\u00eacher de remarquer les bonnes prestations de Dani Ceballos, que Zinedine Zidane a envoy\u00e9 en pr\u00eat \u00e0 Arsenal\u00a0et qu\u2019il aurait voulu vendre, et celle de Kepa Arrizabalaga que le technicien aurait refus\u00e9 de prendre avant qu\u2019il ne s\u2019engage \u00e0 Chelsea comme l&rsquo;indique Le10sport.<\/p>\n<p>En outre, le choix de Zidane de d\u00e9bourser\u00a048M\u20ac sur Ferland Mendy alors que la doublure de Marcelo \u00e9tait toute trouv\u00e9e en la personne de Sergio Reguilon pr\u00eat\u00e9 cet \u00e9t\u00e9 au FC S\u00e9ville, interrogerait au sein du comit\u00e9 de direction. De m\u00eame concernant la gestion des cas Gareth Bale et James Rodriguez qui, apr\u00e8s avoir \u00e9t\u00e9 pouss\u00e9s vers la sortie tout l\u2019\u00e9t\u00e9, ont \u00e9t\u00e9 r\u00e9int\u00e9gr\u00e9s par l\u2019entra\u00eeneur du Real Madrid en fin de mercato. Des choix qui poussent \u00e0 s&rsquo;interroger et mal per\u00e7us par les dirigeants merengue alors que les r\u00e9sultats ne suivent pas.<\/p>\n<p><strong>Publi\u00e9 dans :<\/strong> <span>real madrid<\/span><\/p>\n<\/div>\n<p>Auteur:<br \/>\n<a href=\"http:\/\/www.lebuteur.com\/article\/detail?titre=real-les-choix-de-zidane-remis-sur-le-tapis&#038;id=91553&#038;utm_source=feedburner&#038;utm_medium=feed&#038;utm_campaign=Feed%3A+GalerieFArtciles+%28Les+derniers+articles++-+lebuteur.com%29\">Cliquez ici pour lire l&rsquo;article depuis sa source.<\/a><\/p>\n","protected":false},"excerpt":{"rendered":"<p>Auteur : samedi 07 septembre 2019 19:25 C\u2019est en tout cas ce que r\u00e9v\u00e8le ABC. Lors de la victoire de la s\u00e9lection espagnole face \u00e0 la Roumanie jeudi (2-1), les observateurs n\u2019auraient pu s\u2019emp\u00eacher de remarquer les bonnes prestations de Dani Ceballos, que Zinedine Zidane a envoy\u00e9 en pr\u00eat \u00e0 Arsenal\u00a0et qu\u2019il aurait voulu vendre, [&hellip;]<\/p>\n","protected":false},"author":1738,"featured_media":60435,"comment_status":"closed","ping_status":"closed","sticky":false,"template":"","format":"standard","meta":{"fifu_image_url":"","fifu_image_alt":"","footnotes":""},"categories":[53,75],"tags":[],"class_list":["post-60434","post","type-post","status-publish","format-standard","has-post-thumbnail","hentry","category-algerie","category-sport"],"_links":{"self":[{"href":"https:\/\/linitiative.ca\/International\/wp-json\/wp\/v2\/posts\/60434","targetHints":{"allow":["GET"]}}],"collection":[{"href":"https:\/\/linitiative.ca\/International\/wp-json\/wp\/v2\/posts"}],"about":[{"href":"https:\/\/linitiative.ca\/International\/wp-json\/wp\/v2\/types\/post"}],"author":[{"embeddable":true,"href":"https:\/\/linitiative.ca\/International\/wp-json\/wp\/v2\/users\/1738"}],"replies":[{"embeddable":true,"href":"https:\/\/linitiative.ca\/International\/wp-json\/wp\/v2\/comments?post=60434"}],"version-history":[{"count":0,"href":"https:\/\/linitiative.ca\/International\/wp-json\/wp\/v2\/posts\/60434\/revisions"}],"wp:featuredmedia":[{"embeddable":true,"href":"https:\/\/linitiative.ca\/International\/wp-json\/"}],"wp:attachment":[{"href":"https:\/\/linitiative.ca\/International\/wp-json\/wp\/v2\/media?parent=60434"}],"wp:term":[{"taxonomy":"category","embeddable":true,"href":"https:\/\/linitiative.ca\/International\/wp-json\/wp\/v2\/categories?post=60434"},{"taxonomy":"post_tag","embeddable":true,"href":"https:\/\/linitiative.ca\/International\/wp-json\/wp\/v2\/tags?post=60434"}],"curies":[{"name":"wp","href":"https:\/\/api.w.org\/{rel}","templated":true}]}}