{"id":60438,"date":"2019-09-06T20:00:00","date_gmt":"2019-09-07T00:00:00","guid":{"rendered":"https:\/\/linitiative.ca\/International\/fln-efforts-meritoires-de-linstance\/"},"modified":"2019-09-06T20:00:00","modified_gmt":"2019-09-07T00:00:00","slug":"fln-efforts-meritoires-de-linstance","status":"publish","type":"post","link":"https:\/\/linitiative.ca\/International\/fln-efforts-meritoires-de-linstance\/","title":{"rendered":"FLN :  Efforts  m\u00e9ritoires  de l\u2019Instance"},"content":{"rendered":"<p>Le Front de lib\u00e9ration nationale (FLN) s&rsquo;est f\u00e9licit\u00e9, jeudi, des efforts de l&rsquo;Instance nationale\u00a0 de m\u00e9diation et de dialogue (INDM), appelant \u00e0 la concr\u00e9tisation de son action \u00abdans les plus brefs d\u00e9lais\u00bb, en vue de la mise en place de m\u00e9canismes juridiques et l\u00e9gislatifs indispensables \u00e0 l&rsquo;\u00e9ch\u00e9ance pr\u00e9sidentielle.\u00a0<\/p>\n<p>Le parti a salu\u00e9, dans un communiqu\u00e9 rendu public au terme de la r\u00e9union de son bureau politique, l&rsquo;allocution du g\u00e9n\u00e9ral de corps d&rsquo;arm\u00e9e, vice-ministre de la D\u00e9fense nationale, Chef d&rsquo;\u00e9tat-major de l&rsquo;Arm\u00e9e nationale populaire (ANP), Ahmed Gaid Salah, dans laquelle il a appel\u00e9 \u00e0 fixer une date pour la convocation du corps \u00e9lectoral, avant de souligner que \u00abl&rsquo;\u00e9lection pr\u00e9sidentielle est la seule solution pour surmonter la situation actuelle\u00bb. La formation politique a exprim\u00e9 sa \u00abfiert\u00e9 de la position nationale honorable et souveraine de l&rsquo;ANP dans l&rsquo;accompagnement des revendications du peuple, des institutions de l&rsquo;Etat et du processus de dialogue\u00bb. D&rsquo;autre part, le parti s&rsquo;est \u00abf\u00e9licit\u00e9 de la rentr\u00e9e scolaire qui a permis \u00e0 9 millions d&rsquo;\u00e9l\u00e8ves scolaris\u00e9s dans diff\u00e9rents paliers, de rejoindre les bancs de l&rsquo;\u00e9cole dans de bonnes conditions\u00bb, lit-t-on dans le communiqu\u00e9.<\/p>\n<p><strong>Djema\u00ef : \u00ab Je renoncerai \u00e0 l\u2019immunit\u00e9 parlementaire. \u00bb<\/strong><\/p>\n<p>Le secr\u00e9taire g\u00e9n\u00e9ral, Mohamed Djemai, a affirm\u00e9 n&rsquo;avoir re\u00e7u aucune convocation de l&rsquo;Assembl\u00e9e populaire nationale (APN), au sujet de la demande de lev\u00e9e de l&rsquo;immunit\u00e9 parlementaire, et ce suite \u00e0 une demande introduite par le ministre de la Justice, Garde des sceaux, Belkacem Zeghmati. Lors de l&rsquo;ouverture d&rsquo;une r\u00e9union d&rsquo;urgence du bureau politique pour l&rsquo;examen du sujet relatif \u00e0 la lev\u00e9e de l&rsquo;immunit\u00e9 parlementaire du SG du FLN, M. Djemai a d\u00e9clar\u00e9 \u00abn&rsquo;avoir encore rien re\u00e7u \u00e0 ce propos\u00bb, faisant savoir que cette demande \u00abest li\u00e9 \u00e0 une affaire personnelle et n&rsquo;a aucun lien avec la corruption\u00bb. \u00abNous sommes au courant de l&rsquo;existence d&rsquo;une demande pour la lev\u00e9e de l&rsquo;immunit\u00e9 de ma personne, et nous avons dit, depuis le d\u00e9but au sein du FLN, que la loi et la justice libre sont au-dessus de tous\u00bb, a-t-il indiqu\u00e9, affirmant qu&rsquo;il renoncera \u00abde mani\u00e8re directe et volontaire\u00bb \u00e0 l&rsquo;immunit\u00e9 en cas de recevoir la convocation. \u00abD\u00e8s que je re\u00e7ois la convocation, je renoncerai \u00e0 l&rsquo;immunit\u00e9 de mani\u00e8re directe et volontaire\u00bb, a indiqu\u00e9 M. Djemai. \u00abJe n&rsquo;ai encore rien re\u00e7u au sujet de cette affaire\u00bb, a-t-il indiqu\u00e9\u00bb.<\/p>\n<p>Il a, dans ce sens, exprim\u00e9 \u00absa confiance totale\u00bb en la justice, mettant l&rsquo;accent sur la n\u00e9cessit\u00e9 de laisser cette derni\u00e8re faire son travail \u00abdans le calme et la transparence\u00bb. \u00abSi des chefs d&rsquo;accusation venaient \u00e0 \u00eatre retenus contre moi, je me soumettrai \u00e0 la Loi comme tout autre citoyen\u00bb, a-t-il ajout\u00e9. A une question sur son avenir \u00e0 la t\u00eate du parti, M. Djemai a r\u00e9pondu que cette question sera tranch\u00e9e ult\u00e9rieurement, apr\u00e8s r\u00e9ception de la convocation, la d\u00e9cision devant \u00eatre prise \u00abdans le cadre de concertations avec les membres du bureau politique\u00bb. Il a fait savoir qu&rsquo;il n&rsquo;\u00e9tait pas attach\u00e9 \u00e0 son poste et que \u00abl&rsquo;int\u00e9r\u00eat du pays et du parti sont au-dessus de toute autre consid\u00e9ration\u00bb. Selon des \u00e9chos recueillis aupr\u00e8s de certains membres du bureau politique, \u00abM. Djemai pourrait d\u00e9l\u00e9guer ses pouvoirs \u00e0 un autre membre de cette instance\u00bb. Le SG du FLN pourrait, \u00e9ventuellement, d\u00e9poser sa d\u00e9mission comme le pr\u00e9voient les statuts qui stipulent qu&rsquo;en cas de vacance du poste de Secr\u00e9taire g\u00e9n\u00e9ral, \u00able membre le plus \u00e2g\u00e9 du bureau politique dirige le parti en attendant la r\u00e9union du Comit\u00e9 central qui doit intervenir, obligatoirement dans les 30 jours qui suivent l&rsquo;\u00e9tat de vacance pour \u00e9lire un nouveau Secr\u00e9taire g\u00e9n\u00e9ral\u00bb.<\/p>\n<p>L&rsquo;APN avait engag\u00e9, mardi, la proc\u00e9dure de lev\u00e9e de l&rsquo;immunit\u00e9 parlementaire de trois d\u00e9put\u00e9s, \u00e0 savoir le Secr\u00e9taire g\u00e9n\u00e9ral du FLN, Mohamed Djemai, et les d\u00e9put\u00e9s Benhamadi Sma\u00efl et Berri Saker, suite \u00e0 une demande introduite par le ministre de la Justice, Garde des sceaux, en application des dispositions de l&rsquo;article 127 de la Constitution afin de permettre \u00e0 la Justice d&rsquo;exercer ses missions constitutionnelles et d&rsquo;activer les dispositions de l&rsquo;article 573 et des articles suivants du Code de proc\u00e9dure p\u00e9nale. La demande de lev\u00e9e de l&rsquo;immunit\u00e9 parlementaire du Secr\u00e9taire g\u00e9n\u00e9ral du FLN a \u00e9t\u00e9 soumise \u00e0 la commission des affaires juridiques et administratives et des libert\u00e9s de l&rsquo;APN pour \u00e9laboration d&rsquo;un rapport \u00e0 soumettre au bureau.<\/p>\n<p>Auteur: elmoudjahid<br \/>\n<a href=\"http:\/\/www.elmoudjahid.com\/fr\/actualites\/141712\">Cliquez ici pour lire l&rsquo;article depuis sa source.<\/a><\/p>\n","protected":false},"excerpt":{"rendered":"<p>Le Front de lib\u00e9ration nationale (FLN) s&rsquo;est f\u00e9licit\u00e9, jeudi, des efforts de l&rsquo;Instance nationale\u00a0 de m\u00e9diation et de dialogue (INDM), appelant \u00e0 la concr\u00e9tisation de son action \u00abdans les plus brefs d\u00e9lais\u00bb, en vue de la mise en place de m\u00e9canismes juridiques et l\u00e9gislatifs indispensables \u00e0 l&rsquo;\u00e9ch\u00e9ance pr\u00e9sidentielle.\u00a0 Le parti a salu\u00e9, dans un communiqu\u00e9 [&hellip;]<\/p>\n","protected":false},"author":1744,"featured_media":0,"comment_status":"closed","ping_status":"closed","sticky":false,"template":"","format":"standard","meta":{"fifu_image_url":"","fifu_image_alt":"","footnotes":""},"categories":[73,53],"tags":[],"class_list":["post-60438","post","type-post","status-publish","format-standard","hentry","category-actualite","category-algerie"],"_links":{"self":[{"href":"https:\/\/linitiative.ca\/International\/wp-json\/wp\/v2\/posts\/60438","targetHints":{"allow":["GET"]}}],"collection":[{"href":"https:\/\/linitiative.ca\/International\/wp-json\/wp\/v2\/posts"}],"about":[{"href":"https:\/\/linitiative.ca\/International\/wp-json\/wp\/v2\/types\/post"}],"author":[{"embeddable":true,"href":"https:\/\/linitiative.ca\/International\/wp-json\/wp\/v2\/users\/1744"}],"replies":[{"embeddable":true,"href":"https:\/\/linitiative.ca\/International\/wp-json\/wp\/v2\/comments?post=60438"}],"version-history":[{"count":0,"href":"https:\/\/linitiative.ca\/International\/wp-json\/wp\/v2\/posts\/60438\/revisions"}],"wp:attachment":[{"href":"https:\/\/linitiative.ca\/International\/wp-json\/wp\/v2\/media?parent=60438"}],"wp:term":[{"taxonomy":"category","embeddable":true,"href":"https:\/\/linitiative.ca\/International\/wp-json\/wp\/v2\/categories?post=60438"},{"taxonomy":"post_tag","embeddable":true,"href":"https:\/\/linitiative.ca\/International\/wp-json\/wp\/v2\/tags?post=60438"}],"curies":[{"name":"wp","href":"https:\/\/api.w.org\/{rel}","templated":true}]}}