{"id":60439,"date":"2019-09-06T20:00:00","date_gmt":"2019-09-07T00:00:00","guid":{"rendered":"https:\/\/linitiative.ca\/International\/pris-en-charge-par-la-presidence-de-la-republique-120-hadjis-regagnent-le-pays\/"},"modified":"2019-09-06T20:00:00","modified_gmt":"2019-09-07T00:00:00","slug":"pris-en-charge-par-la-presidence-de-la-republique-120-hadjis-regagnent-le-pays","status":"publish","type":"post","link":"https:\/\/linitiative.ca\/International\/pris-en-charge-par-la-presidence-de-la-republique-120-hadjis-regagnent-le-pays\/","title":{"rendered":"Pris en charge par la pr\u00e9sidence de la R\u00e9publique  :  120 hadjis regagnent le pays"},"content":{"rendered":"<p>Pr\u00e8s de 120 hadjis, pris en charge par la pr\u00e9sidence de la R\u00e9publique,\u00a0 ont regagn\u00e9, mercredi,\u00a0 le pays, apr\u00e8s avoir accompli les rites du cinqui\u00e8me pilier de l&rsquo;islam.\u00a0 Ils ont \u00e9t\u00e9 accueillis l&rsquo;a\u00e9roport Houari-Boumedi\u00e8ne par les ministres de la Solidarit\u00e9 nationale, de la Famille et de la Condition de la femme,\u00a0 Ghania Eddalia, et de la Jeunesse et des Sports, Raouf Salim Bernaoui.\u00a0<\/p>\n<div readability=\"32\">\n<p>Dans une d\u00e9claration \u00e0 la presse, Mme Eddalia a indiqu\u00e9 que \u00ab\u00a0tous les moyens ont \u00e9t\u00e9 mobilis\u00e9s au service de ces hadjis, dont le nombre s&rsquo;\u00e9l\u00e8ve \u00e0 120 hadjis issus de familles d\u00e9munies ainsi que des\u00a0 \u00a0pensionnaires de maisons pour personnes \u00e2g\u00e9es de toutes les wilayas\u00a0\u00bb.\u00a0<\/p>\n<p>\u00ab\u00a0Aucun d\u00e9c\u00e8s ni bless\u00e9 n&rsquo;a \u00e9t\u00e9 enregistr\u00e9 parmi ces hadjis, except\u00e9 quelques blessures l\u00e9g\u00e8res\u00a0\u00bb, a fait savoir la ministre, saluant, \u00e0 ce propos, les efforts de la mission et du staff m\u00e9dical accompagnant ces hadjis\u00a0\u00bb. Elle a affirm\u00e9 que les op\u00e9rations de solidarit\u00e9 se poursuivront durant les prochaines saisons de hadj en vue de donner la chance d&rsquo;accomplir le hadj aux cat\u00e9gories d\u00e9munies de citoyens et aux pensionnaires des centres de prise en charge des personnes \u00e2g\u00e9es\u00a0\u00bb.\u00a0<\/p>\n<p>Le ministre de la Jeunesse et des Sports a salu\u00e9, pour sa part, cette initiative consistant en la prise en charge des personnes d\u00e9munies\u00a0\u00bb.\u00a0<\/p>\n<p>Les hadjis ont exprim\u00e9, quant \u00e0 eux, leur joie d&rsquo;avoir accompli ce devoir dans de bonnes conditions, mettant en exergue les moyens mobilis\u00e9s durant leur voyage et leur s\u00e9jour.<\/p>\n<\/div>\n<p>Auteur: elmoudjahid<br \/>\n<a href=\"http:\/\/www.elmoudjahid.com\/fr\/actualites\/141713\">Cliquez ici pour lire l&rsquo;article depuis sa source.<\/a><\/p>\n","protected":false},"excerpt":{"rendered":"<p>Pr\u00e8s de 120 hadjis, pris en charge par la pr\u00e9sidence de la R\u00e9publique,\u00a0 ont regagn\u00e9, mercredi,\u00a0 le pays, apr\u00e8s avoir accompli les rites du cinqui\u00e8me pilier de l&rsquo;islam.\u00a0 Ils ont \u00e9t\u00e9 accueillis l&rsquo;a\u00e9roport Houari-Boumedi\u00e8ne par les ministres de la Solidarit\u00e9 nationale, de la Famille et de la Condition de la femme,\u00a0 Ghania Eddalia, et de [&hellip;]<\/p>\n","protected":false},"author":1744,"featured_media":0,"comment_status":"closed","ping_status":"closed","sticky":false,"template":"","format":"standard","meta":{"fifu_image_url":"","fifu_image_alt":"","footnotes":""},"categories":[73,53],"tags":[],"class_list":["post-60439","post","type-post","status-publish","format-standard","hentry","category-actualite","category-algerie"],"_links":{"self":[{"href":"https:\/\/linitiative.ca\/International\/wp-json\/wp\/v2\/posts\/60439","targetHints":{"allow":["GET"]}}],"collection":[{"href":"https:\/\/linitiative.ca\/International\/wp-json\/wp\/v2\/posts"}],"about":[{"href":"https:\/\/linitiative.ca\/International\/wp-json\/wp\/v2\/types\/post"}],"author":[{"embeddable":true,"href":"https:\/\/linitiative.ca\/International\/wp-json\/wp\/v2\/users\/1744"}],"replies":[{"embeddable":true,"href":"https:\/\/linitiative.ca\/International\/wp-json\/wp\/v2\/comments?post=60439"}],"version-history":[{"count":0,"href":"https:\/\/linitiative.ca\/International\/wp-json\/wp\/v2\/posts\/60439\/revisions"}],"wp:attachment":[{"href":"https:\/\/linitiative.ca\/International\/wp-json\/wp\/v2\/media?parent=60439"}],"wp:term":[{"taxonomy":"category","embeddable":true,"href":"https:\/\/linitiative.ca\/International\/wp-json\/wp\/v2\/categories?post=60439"},{"taxonomy":"post_tag","embeddable":true,"href":"https:\/\/linitiative.ca\/International\/wp-json\/wp\/v2\/tags?post=60439"}],"curies":[{"name":"wp","href":"https:\/\/api.w.org\/{rel}","templated":true}]}}