{"id":60448,"date":"2019-09-07T13:30:00","date_gmt":"2019-09-07T17:30:00","guid":{"rendered":"https:\/\/linitiative.ca\/International\/meme-mort-ben-mhidi-derange-encore\/"},"modified":"2019-09-07T13:30:00","modified_gmt":"2019-09-07T17:30:00","slug":"meme-mort-ben-mhidi-derange-encore","status":"publish","type":"post","link":"https:\/\/linitiative.ca\/International\/meme-mort-ben-mhidi-derange-encore\/","title":{"rendered":"M\u00eame mort, Ben M\u2019hidi d\u00e9range encore !"},"content":{"rendered":"<p><br id=\"sep_para_1\" class=\"sep_para access\"\/><\/p>\n<div id=\"para_1\" class=\"para_32889044 resize\">\n<div class=\"texte access firstletter\">Finalement, certains caciques du syst\u00e8me ne tiennent plus \u00e0 l\u00e2cher prise en s\u2019immis\u00e7ant toujours et encore\u00a0\u00a0 dans l\u2019\u00e9criture sous ses multiples \u0153uvres de\u00a0 l\u2019histoire de la glorieuse r\u00e9volution arm\u00e9e et le parcours de ses h\u00e9ros\u2026. C\u2019est ainsi que le r\u00e9cent film sur Larbi Ben M\u2019hidi, tourn\u00e9 derni\u00e8rement demeure encore sous une censure sans nom qui lui interdit de se faire projeter aux salles de cin\u00e9ma. Selon le site \u2018\u2019 Alg\u00e9rie Confidentiel \u2019\u2019, le long m\u00e9trage sur le parcours du martyr de la r\u00e9volution, Larbi Ben M\u2019hidi, est officiellement interdit de projection en Alg\u00e9rie, a annonc\u00e9 son producteur Rachid Derrais. Selon les informations rapport\u00e9es par ce site, le film \u2018\u2019 Ben M\u2019hidi \u2018\u2019 est interdit dans sa premi\u00e8re version en raison de certaines sc\u00e8nes qui ont fortement d\u00e9plu au minist\u00e8re des moudjahidine, qui finance une partie de ce projet cin\u00e9matographique \u00e0 caract\u00e8re historique. Il s\u2019agit principalement d\u2019une sc\u00e8ne dans laquelle le d\u00e9funt Ben M\u2019hidi malmenait et insultait presque l\u2019ancien pr\u00e9sident Ahmed Ben Bella.<\/div>\n<\/div>\n<p>Auteur: R\u00e9flexion<br \/>\n<a href=\"https:\/\/www.reflexiondz.net\/Meme-mort-Ben-M-hidi-derange-encore-_a57503.html\">Cliquez ici pour lire l&rsquo;article depuis sa source.<\/a><\/p>\n","protected":false},"excerpt":{"rendered":"<p>Finalement, certains caciques du syst\u00e8me ne tiennent plus \u00e0 l\u00e2cher prise en s\u2019immis\u00e7ant toujours et encore\u00a0\u00a0 dans l\u2019\u00e9criture sous ses multiples \u0153uvres de\u00a0 l\u2019histoire de la glorieuse r\u00e9volution arm\u00e9e et le parcours de ses h\u00e9ros\u2026. C\u2019est ainsi que le r\u00e9cent film sur Larbi Ben M\u2019hidi, tourn\u00e9 derni\u00e8rement demeure encore sous une censure sans nom qui [&hellip;]<\/p>\n","protected":false},"author":1740,"featured_media":0,"comment_status":"closed","ping_status":"closed","sticky":false,"template":"","format":"standard","meta":{"fifu_image_url":"","fifu_image_alt":"","footnotes":""},"categories":[53,76],"tags":[],"class_list":["post-60448","post","type-post","status-publish","format-standard","hentry","category-algerie","category-regions"],"_links":{"self":[{"href":"https:\/\/linitiative.ca\/International\/wp-json\/wp\/v2\/posts\/60448","targetHints":{"allow":["GET"]}}],"collection":[{"href":"https:\/\/linitiative.ca\/International\/wp-json\/wp\/v2\/posts"}],"about":[{"href":"https:\/\/linitiative.ca\/International\/wp-json\/wp\/v2\/types\/post"}],"author":[{"embeddable":true,"href":"https:\/\/linitiative.ca\/International\/wp-json\/wp\/v2\/users\/1740"}],"replies":[{"embeddable":true,"href":"https:\/\/linitiative.ca\/International\/wp-json\/wp\/v2\/comments?post=60448"}],"version-history":[{"count":0,"href":"https:\/\/linitiative.ca\/International\/wp-json\/wp\/v2\/posts\/60448\/revisions"}],"wp:attachment":[{"href":"https:\/\/linitiative.ca\/International\/wp-json\/wp\/v2\/media?parent=60448"}],"wp:term":[{"taxonomy":"category","embeddable":true,"href":"https:\/\/linitiative.ca\/International\/wp-json\/wp\/v2\/categories?post=60448"},{"taxonomy":"post_tag","embeddable":true,"href":"https:\/\/linitiative.ca\/International\/wp-json\/wp\/v2\/tags?post=60448"}],"curies":[{"name":"wp","href":"https:\/\/api.w.org\/{rel}","templated":true}]}}